{"id":843,"date":"2023-10-18T12:50:25","date_gmt":"2023-10-18T12:50:25","guid":{"rendered":"https:\/\/content.principia.edu\/sites\/prague2023\/?p=843"},"modified":"2023-10-20T13:05:33","modified_gmt":"2023-10-20T13:05:33","slug":"to-the-cubism-museum","status":"publish","type":"post","link":"https:\/\/content.principia.edu\/sites\/prague2023\/2023\/10\/18\/to-the-cubism-museum\/","title":{"rendered":"To the Cubism Museum!"},"content":{"rendered":"\n<figure class=\"wp-block-image size-large\"><img loading=\"lazy\" decoding=\"async\" width=\"1024\" height=\"768\" src=\"https:\/\/content.principia.edu\/sites\/prague2023\/files\/2023\/10\/IMG_4817-1024x768.jpeg\" alt=\"\" class=\"wp-image-844\" srcset=\"https:\/\/content.principia.edu\/sites\/prague2023\/files\/2023\/10\/IMG_4817-1024x768.jpeg 1024w, https:\/\/content.principia.edu\/sites\/prague2023\/files\/2023\/10\/IMG_4817-300x225.jpeg 300w, https:\/\/content.principia.edu\/sites\/prague2023\/files\/2023\/10\/IMG_4817-768x576.jpeg 768w, https:\/\/content.principia.edu\/sites\/prague2023\/files\/2023\/10\/IMG_4817-1536x1152.jpeg 1536w, https:\/\/content.principia.edu\/sites\/prague2023\/files\/2023\/10\/IMG_4817-2048x1536.jpeg 2048w\" sizes=\"auto, (max-width: 1024px) 100vw, 1024px\" \/><\/figure>\n\n\n\n<p>Throughout the abroad, students have been engaging with the history and production of modernist art and literature in the Czech lands. This afternoon we traveled to the Czech Cubism Museum in the Old Town to see one of the most recognizable forms of modern art: Cubism.<\/p>\n\n\n\n<figure class=\"wp-block-image size-large\"><img loading=\"lazy\" decoding=\"async\" width=\"1024\" height=\"768\" src=\"https:\/\/content.principia.edu\/sites\/prague2023\/files\/2023\/10\/IMG_4819-1024x768.jpeg\" alt=\"\" class=\"wp-image-845\" srcset=\"https:\/\/content.principia.edu\/sites\/prague2023\/files\/2023\/10\/IMG_4819-1024x768.jpeg 1024w, https:\/\/content.principia.edu\/sites\/prague2023\/files\/2023\/10\/IMG_4819-300x225.jpeg 300w, https:\/\/content.principia.edu\/sites\/prague2023\/files\/2023\/10\/IMG_4819-768x576.jpeg 768w, https:\/\/content.principia.edu\/sites\/prague2023\/files\/2023\/10\/IMG_4819-1536x1152.jpeg 1536w, https:\/\/content.principia.edu\/sites\/prague2023\/files\/2023\/10\/IMG_4819-2048x1536.jpeg 2048w\" sizes=\"auto, (max-width: 1024px) 100vw, 1024px\" \/><\/figure>\n\n\n\n<p>The Cubism Museum has its collections in the House of the Black Madonna, a cubist building designed by Josef Go\u010d\u00e1r. Completed in 1912, it is the earliest example of cubist architecture in Prague. <\/p>\n\n\n\n<figure class=\"wp-block-image size-large\"><img loading=\"lazy\" decoding=\"async\" width=\"1920\" height=\"2560\" src=\"https:\/\/content.principia.edu\/sites\/prague2023\/files\/2023\/10\/IMG_4824-edited-scaled.jpeg\" alt=\"\" class=\"wp-image-847\" srcset=\"https:\/\/content.principia.edu\/sites\/prague2023\/files\/2023\/10\/IMG_4824-edited-scaled.jpeg 1920w, https:\/\/content.principia.edu\/sites\/prague2023\/files\/2023\/10\/IMG_4824-edited-225x300.jpeg 225w, https:\/\/content.principia.edu\/sites\/prague2023\/files\/2023\/10\/IMG_4824-edited-768x1024.jpeg 768w, https:\/\/content.principia.edu\/sites\/prague2023\/files\/2023\/10\/IMG_4824-edited-1152x1536.jpeg 1152w, https:\/\/content.principia.edu\/sites\/prague2023\/files\/2023\/10\/IMG_4824-edited-1536x2048.jpeg 1536w\" sizes=\"auto, (max-width: 1920px) 100vw, 1920px\" \/><\/figure>\n\n\n\n<figure class=\"wp-block-image size-large\"><img loading=\"lazy\" decoding=\"async\" width=\"1024\" height=\"768\" src=\"https:\/\/content.principia.edu\/sites\/prague2023\/files\/2023\/10\/IMG_4826-1024x768.jpeg\" alt=\"\" class=\"wp-image-848\" srcset=\"https:\/\/content.principia.edu\/sites\/prague2023\/files\/2023\/10\/IMG_4826-1024x768.jpeg 1024w, https:\/\/content.principia.edu\/sites\/prague2023\/files\/2023\/10\/IMG_4826-300x225.jpeg 300w, https:\/\/content.principia.edu\/sites\/prague2023\/files\/2023\/10\/IMG_4826-768x576.jpeg 768w, https:\/\/content.principia.edu\/sites\/prague2023\/files\/2023\/10\/IMG_4826-1536x1152.jpeg 1536w, https:\/\/content.principia.edu\/sites\/prague2023\/files\/2023\/10\/IMG_4826-2048x1536.jpeg 2048w\" sizes=\"auto, (max-width: 1024px) 100vw, 1024px\" \/><\/figure>\n\n\n\n<p>Here we are climbing the Baroque-inspired Cubist stairwell.<\/p>\n\n\n\n<figure class=\"wp-block-image size-large\"><img loading=\"lazy\" decoding=\"async\" width=\"1024\" height=\"768\" src=\"https:\/\/content.principia.edu\/sites\/prague2023\/files\/2023\/10\/IMG_4830-1024x768.jpeg\" alt=\"\" class=\"wp-image-849\" srcset=\"https:\/\/content.principia.edu\/sites\/prague2023\/files\/2023\/10\/IMG_4830-1024x768.jpeg 1024w, https:\/\/content.principia.edu\/sites\/prague2023\/files\/2023\/10\/IMG_4830-300x225.jpeg 300w, https:\/\/content.principia.edu\/sites\/prague2023\/files\/2023\/10\/IMG_4830-768x576.jpeg 768w, https:\/\/content.principia.edu\/sites\/prague2023\/files\/2023\/10\/IMG_4830-1536x1152.jpeg 1536w, https:\/\/content.principia.edu\/sites\/prague2023\/files\/2023\/10\/IMG_4830-2048x1536.jpeg 2048w\" sizes=\"auto, (max-width: 1024px) 100vw, 1024px\" \/><\/figure>\n\n\n\n<p>&#8220;Czech Cubism&#8221; (from the wall text): <\/p>\n\n\n\n<p>&#8220;Cubism was one of the first avant-garde movements in Europe and had a great impact on the Czech lands as well. Besides asserting itself through painting and sculpture, it also influenced architecture, utilitarian objects and interior design. In the pan-European context, the extent of Cubism&#8217;s influence on the applied arts and architecture is unparalleled, making some of the art production of 1911-1914 entirely unique.&#8221;<\/p>\n\n\n\n<p>&#8220;The shift in artistic expression was not as radical in the field of applied arts as it was in painting; fragmented forms gradually evolved as a logical link in the continuous development of ornament from organic to geometric, from the vitally variable to the constant&#8230;&#8221;<\/p>\n\n\n\n<figure class=\"wp-block-image size-large\"><img loading=\"lazy\" decoding=\"async\" width=\"1024\" height=\"768\" src=\"https:\/\/content.principia.edu\/sites\/prague2023\/files\/2023\/10\/IMG_4846-1024x768.jpeg\" alt=\"\" class=\"wp-image-856\" srcset=\"https:\/\/content.principia.edu\/sites\/prague2023\/files\/2023\/10\/IMG_4846-1024x768.jpeg 1024w, https:\/\/content.principia.edu\/sites\/prague2023\/files\/2023\/10\/IMG_4846-300x225.jpeg 300w, https:\/\/content.principia.edu\/sites\/prague2023\/files\/2023\/10\/IMG_4846-768x576.jpeg 768w, https:\/\/content.principia.edu\/sites\/prague2023\/files\/2023\/10\/IMG_4846-1536x1152.jpeg 1536w, https:\/\/content.principia.edu\/sites\/prague2023\/files\/2023\/10\/IMG_4846-2048x1536.jpeg 2048w\" sizes=\"auto, (max-width: 1024px) 100vw, 1024px\" \/><\/figure>\n\n\n\n<figure class=\"wp-block-image size-large\"><img loading=\"lazy\" decoding=\"async\" width=\"1024\" height=\"768\" src=\"https:\/\/content.principia.edu\/sites\/prague2023\/files\/2023\/10\/IMG_4833-1024x768.jpeg\" alt=\"\" class=\"wp-image-851\" srcset=\"https:\/\/content.principia.edu\/sites\/prague2023\/files\/2023\/10\/IMG_4833-1024x768.jpeg 1024w, https:\/\/content.principia.edu\/sites\/prague2023\/files\/2023\/10\/IMG_4833-300x225.jpeg 300w, https:\/\/content.principia.edu\/sites\/prague2023\/files\/2023\/10\/IMG_4833-768x576.jpeg 768w, https:\/\/content.principia.edu\/sites\/prague2023\/files\/2023\/10\/IMG_4833-1536x1152.jpeg 1536w, https:\/\/content.principia.edu\/sites\/prague2023\/files\/2023\/10\/IMG_4833-2048x1536.jpeg 2048w\" sizes=\"auto, (max-width: 1024px) 100vw, 1024px\" \/><\/figure>\n\n\n\n<figure class=\"wp-block-image size-large\"><img loading=\"lazy\" decoding=\"async\" width=\"1024\" height=\"768\" src=\"https:\/\/content.principia.edu\/sites\/prague2023\/files\/2023\/10\/IMG_4834-1024x768.jpeg\" alt=\"\" class=\"wp-image-852\" srcset=\"https:\/\/content.principia.edu\/sites\/prague2023\/files\/2023\/10\/IMG_4834-1024x768.jpeg 1024w, https:\/\/content.principia.edu\/sites\/prague2023\/files\/2023\/10\/IMG_4834-300x225.jpeg 300w, https:\/\/content.principia.edu\/sites\/prague2023\/files\/2023\/10\/IMG_4834-768x576.jpeg 768w, https:\/\/content.principia.edu\/sites\/prague2023\/files\/2023\/10\/IMG_4834-1536x1152.jpeg 1536w, https:\/\/content.principia.edu\/sites\/prague2023\/files\/2023\/10\/IMG_4834-2048x1536.jpeg 2048w\" sizes=\"auto, (max-width: 1024px) 100vw, 1024px\" \/><\/figure>\n\n\n\n<p>The museum features works by prominent Czech Cubists, including paintings by Emil Filla, Bohumil Kubi\u0161ta, Josef \u010capek and V\u00e1clav \u0160p\u00e1la; sculptures by Otto Gutfreund; and individual pieces and suites of furniture Pavel Jan\u00e1k, Josef Go\u010d\u00e1r, Josef Chochol, Vlastislav Hofman, Otakar Novotn\u00fd and Franti\u0161ek Kysela.<\/p>\n\n\n\n<figure class=\"wp-block-image size-large\"><img loading=\"lazy\" decoding=\"async\" width=\"1024\" height=\"768\" src=\"https:\/\/content.principia.edu\/sites\/prague2023\/files\/2023\/10\/IMG_4835-1024x768.jpeg\" alt=\"\" class=\"wp-image-853\" srcset=\"https:\/\/content.principia.edu\/sites\/prague2023\/files\/2023\/10\/IMG_4835-1024x768.jpeg 1024w, https:\/\/content.principia.edu\/sites\/prague2023\/files\/2023\/10\/IMG_4835-300x225.jpeg 300w, https:\/\/content.principia.edu\/sites\/prague2023\/files\/2023\/10\/IMG_4835-768x576.jpeg 768w, https:\/\/content.principia.edu\/sites\/prague2023\/files\/2023\/10\/IMG_4835-1536x1152.jpeg 1536w, https:\/\/content.principia.edu\/sites\/prague2023\/files\/2023\/10\/IMG_4835-2048x1536.jpeg 2048w\" sizes=\"auto, (max-width: 1024px) 100vw, 1024px\" \/><\/figure>\n\n\n\n<figure class=\"wp-block-image size-large\"><img loading=\"lazy\" decoding=\"async\" width=\"1024\" height=\"768\" src=\"https:\/\/content.principia.edu\/sites\/prague2023\/files\/2023\/10\/IMG_4837-1024x768.jpeg\" alt=\"\" class=\"wp-image-854\" srcset=\"https:\/\/content.principia.edu\/sites\/prague2023\/files\/2023\/10\/IMG_4837-1024x768.jpeg 1024w, https:\/\/content.principia.edu\/sites\/prague2023\/files\/2023\/10\/IMG_4837-300x225.jpeg 300w, https:\/\/content.principia.edu\/sites\/prague2023\/files\/2023\/10\/IMG_4837-768x576.jpeg 768w, https:\/\/content.principia.edu\/sites\/prague2023\/files\/2023\/10\/IMG_4837-1536x1152.jpeg 1536w, https:\/\/content.principia.edu\/sites\/prague2023\/files\/2023\/10\/IMG_4837-2048x1536.jpeg 2048w\" sizes=\"auto, (max-width: 1024px) 100vw, 1024px\" \/><\/figure>\n\n\n\n<p>Students spent the afternoon in the museum drawing and writing in response to the objects on display. Soon they will be working on their very own cubist portraits and cubist short stories. <\/p>\n\n\n\n<figure class=\"wp-block-image size-large\"><img loading=\"lazy\" decoding=\"async\" width=\"1024\" height=\"768\" src=\"https:\/\/content.principia.edu\/sites\/prague2023\/files\/2023\/10\/IMG_4838-1024x768.jpeg\" alt=\"\" class=\"wp-image-855\" srcset=\"https:\/\/content.principia.edu\/sites\/prague2023\/files\/2023\/10\/IMG_4838-1024x768.jpeg 1024w, https:\/\/content.principia.edu\/sites\/prague2023\/files\/2023\/10\/IMG_4838-300x225.jpeg 300w, https:\/\/content.principia.edu\/sites\/prague2023\/files\/2023\/10\/IMG_4838-768x576.jpeg 768w, https:\/\/content.principia.edu\/sites\/prague2023\/files\/2023\/10\/IMG_4838-1536x1152.jpeg 1536w, https:\/\/content.principia.edu\/sites\/prague2023\/files\/2023\/10\/IMG_4838-2048x1536.jpeg 2048w\" sizes=\"auto, (max-width: 1024px) 100vw, 1024px\" \/><\/figure>\n\n\n\n<figure class=\"wp-block-image size-large\"><img loading=\"lazy\" decoding=\"async\" width=\"1024\" height=\"768\" src=\"https:\/\/content.principia.edu\/sites\/prague2023\/files\/2023\/10\/IMG_4839-1024x768.jpeg\" alt=\"\" class=\"wp-image-857\" srcset=\"https:\/\/content.principia.edu\/sites\/prague2023\/files\/2023\/10\/IMG_4839-1024x768.jpeg 1024w, https:\/\/content.principia.edu\/sites\/prague2023\/files\/2023\/10\/IMG_4839-300x225.jpeg 300w, https:\/\/content.principia.edu\/sites\/prague2023\/files\/2023\/10\/IMG_4839-768x576.jpeg 768w, https:\/\/content.principia.edu\/sites\/prague2023\/files\/2023\/10\/IMG_4839-1536x1152.jpeg 1536w, https:\/\/content.principia.edu\/sites\/prague2023\/files\/2023\/10\/IMG_4839-2048x1536.jpeg 2048w\" sizes=\"auto, (max-width: 1024px) 100vw, 1024px\" \/><\/figure>\n\n\n\n<figure class=\"wp-block-image size-large\"><img loading=\"lazy\" decoding=\"async\" width=\"1024\" height=\"768\" src=\"https:\/\/content.principia.edu\/sites\/prague2023\/files\/2023\/10\/IMG_4842-1-1024x768.jpeg\" alt=\"\" class=\"wp-image-858\" srcset=\"https:\/\/content.principia.edu\/sites\/prague2023\/files\/2023\/10\/IMG_4842-1-1024x768.jpeg 1024w, https:\/\/content.principia.edu\/sites\/prague2023\/files\/2023\/10\/IMG_4842-1-300x225.jpeg 300w, https:\/\/content.principia.edu\/sites\/prague2023\/files\/2023\/10\/IMG_4842-1-768x576.jpeg 768w, https:\/\/content.principia.edu\/sites\/prague2023\/files\/2023\/10\/IMG_4842-1-1536x1152.jpeg 1536w, https:\/\/content.principia.edu\/sites\/prague2023\/files\/2023\/10\/IMG_4842-1-2048x1536.jpeg 2048w\" sizes=\"auto, (max-width: 1024px) 100vw, 1024px\" \/><\/figure>\n\n\n\n<figure class=\"wp-block-image size-large\"><img loading=\"lazy\" decoding=\"async\" width=\"1024\" height=\"768\" src=\"https:\/\/content.principia.edu\/sites\/prague2023\/files\/2023\/10\/IMG_4844-1024x768.jpeg\" alt=\"\" class=\"wp-image-859\" srcset=\"https:\/\/content.principia.edu\/sites\/prague2023\/files\/2023\/10\/IMG_4844-1024x768.jpeg 1024w, https:\/\/content.principia.edu\/sites\/prague2023\/files\/2023\/10\/IMG_4844-300x225.jpeg 300w, https:\/\/content.principia.edu\/sites\/prague2023\/files\/2023\/10\/IMG_4844-768x576.jpeg 768w, https:\/\/content.principia.edu\/sites\/prague2023\/files\/2023\/10\/IMG_4844-1536x1152.jpeg 1536w, https:\/\/content.principia.edu\/sites\/prague2023\/files\/2023\/10\/IMG_4844-2048x1536.jpeg 2048w\" sizes=\"auto, (max-width: 1024px) 100vw, 1024px\" \/><\/figure>\n\n\n\n<figure class=\"wp-block-image size-large\"><img loading=\"lazy\" decoding=\"async\" width=\"1024\" height=\"768\" src=\"https:\/\/content.principia.edu\/sites\/prague2023\/files\/2023\/10\/IMG_4845-1024x768.jpeg\" alt=\"\" class=\"wp-image-860\" srcset=\"https:\/\/content.principia.edu\/sites\/prague2023\/files\/2023\/10\/IMG_4845-1024x768.jpeg 1024w, https:\/\/content.principia.edu\/sites\/prague2023\/files\/2023\/10\/IMG_4845-300x225.jpeg 300w, https:\/\/content.principia.edu\/sites\/prague2023\/files\/2023\/10\/IMG_4845-768x576.jpeg 768w, https:\/\/content.principia.edu\/sites\/prague2023\/files\/2023\/10\/IMG_4845-1536x1152.jpeg 1536w, https:\/\/content.principia.edu\/sites\/prague2023\/files\/2023\/10\/IMG_4845-2048x1536.jpeg 2048w\" sizes=\"auto, (max-width: 1024px) 100vw, 1024px\" \/><\/figure>\n\n\n\n<figure class=\"wp-block-image size-large\"><img loading=\"lazy\" decoding=\"async\" width=\"1024\" height=\"768\" src=\"https:\/\/content.principia.edu\/sites\/prague2023\/files\/2023\/10\/IMG_4848-1024x768.jpeg\" alt=\"\" class=\"wp-image-861\" srcset=\"https:\/\/content.principia.edu\/sites\/prague2023\/files\/2023\/10\/IMG_4848-1024x768.jpeg 1024w, https:\/\/content.principia.edu\/sites\/prague2023\/files\/2023\/10\/IMG_4848-300x225.jpeg 300w, https:\/\/content.principia.edu\/sites\/prague2023\/files\/2023\/10\/IMG_4848-768x576.jpeg 768w, https:\/\/content.principia.edu\/sites\/prague2023\/files\/2023\/10\/IMG_4848-1536x1152.jpeg 1536w, https:\/\/content.principia.edu\/sites\/prague2023\/files\/2023\/10\/IMG_4848-2048x1536.jpeg 2048w\" sizes=\"auto, (max-width: 1024px) 100vw, 1024px\" \/><\/figure>\n\n\n\n<figure class=\"wp-block-image size-large\"><img loading=\"lazy\" decoding=\"async\" width=\"1024\" height=\"768\" src=\"https:\/\/content.principia.edu\/sites\/prague2023\/files\/2023\/10\/IMG_4850-1024x768.jpeg\" alt=\"\" class=\"wp-image-862\" srcset=\"https:\/\/content.principia.edu\/sites\/prague2023\/files\/2023\/10\/IMG_4850-1024x768.jpeg 1024w, https:\/\/content.principia.edu\/sites\/prague2023\/files\/2023\/10\/IMG_4850-300x225.jpeg 300w, https:\/\/content.principia.edu\/sites\/prague2023\/files\/2023\/10\/IMG_4850-768x576.jpeg 768w, https:\/\/content.principia.edu\/sites\/prague2023\/files\/2023\/10\/IMG_4850-1536x1152.jpeg 1536w, https:\/\/content.principia.edu\/sites\/prague2023\/files\/2023\/10\/IMG_4850-2048x1536.jpeg 2048w\" sizes=\"auto, (max-width: 1024px) 100vw, 1024px\" \/><\/figure>\n\n\n\n<figure class=\"wp-block-image size-large\"><img loading=\"lazy\" decoding=\"async\" width=\"1024\" height=\"768\" src=\"https:\/\/content.principia.edu\/sites\/prague2023\/files\/2023\/10\/IMG_4858-1024x768.jpeg\" alt=\"\" class=\"wp-image-863\" srcset=\"https:\/\/content.principia.edu\/sites\/prague2023\/files\/2023\/10\/IMG_4858-1024x768.jpeg 1024w, https:\/\/content.principia.edu\/sites\/prague2023\/files\/2023\/10\/IMG_4858-300x225.jpeg 300w, https:\/\/content.principia.edu\/sites\/prague2023\/files\/2023\/10\/IMG_4858-768x576.jpeg 768w, https:\/\/content.principia.edu\/sites\/prague2023\/files\/2023\/10\/IMG_4858-1536x1152.jpeg 1536w, https:\/\/content.principia.edu\/sites\/prague2023\/files\/2023\/10\/IMG_4858-2048x1536.jpeg 2048w\" sizes=\"auto, (max-width: 1024px) 100vw, 1024px\" \/><\/figure>\n\n\n\n<figure class=\"wp-block-image size-large\"><img loading=\"lazy\" decoding=\"async\" width=\"1024\" height=\"768\" src=\"https:\/\/content.principia.edu\/sites\/prague2023\/files\/2023\/10\/IMG_4861-1024x768.jpeg\" alt=\"\" class=\"wp-image-864\" srcset=\"https:\/\/content.principia.edu\/sites\/prague2023\/files\/2023\/10\/IMG_4861-1024x768.jpeg 1024w, https:\/\/content.principia.edu\/sites\/prague2023\/files\/2023\/10\/IMG_4861-300x225.jpeg 300w, https:\/\/content.principia.edu\/sites\/prague2023\/files\/2023\/10\/IMG_4861-768x576.jpeg 768w, https:\/\/content.principia.edu\/sites\/prague2023\/files\/2023\/10\/IMG_4861-1536x1152.jpeg 1536w, https:\/\/content.principia.edu\/sites\/prague2023\/files\/2023\/10\/IMG_4861-2048x1536.jpeg 2048w\" sizes=\"auto, (max-width: 1024px) 100vw, 1024px\" \/><\/figure>\n\n\n\n<figure class=\"wp-block-image size-large\"><img loading=\"lazy\" decoding=\"async\" width=\"1024\" height=\"768\" src=\"https:\/\/content.principia.edu\/sites\/prague2023\/files\/2023\/10\/IMG_4867-1024x768.jpeg\" alt=\"\" class=\"wp-image-865\" srcset=\"https:\/\/content.principia.edu\/sites\/prague2023\/files\/2023\/10\/IMG_4867-1024x768.jpeg 1024w, https:\/\/content.principia.edu\/sites\/prague2023\/files\/2023\/10\/IMG_4867-300x225.jpeg 300w, https:\/\/content.principia.edu\/sites\/prague2023\/files\/2023\/10\/IMG_4867-768x576.jpeg 768w, https:\/\/content.principia.edu\/sites\/prague2023\/files\/2023\/10\/IMG_4867-1536x1152.jpeg 1536w, https:\/\/content.principia.edu\/sites\/prague2023\/files\/2023\/10\/IMG_4867-2048x1536.jpeg 2048w\" sizes=\"auto, (max-width: 1024px) 100vw, 1024px\" \/><\/figure>\n\n\n\n<figure class=\"wp-block-image size-large\"><img loading=\"lazy\" decoding=\"async\" width=\"1024\" height=\"768\" src=\"https:\/\/content.principia.edu\/sites\/prague2023\/files\/2023\/10\/IMG_4871-1024x768.jpeg\" alt=\"\" class=\"wp-image-866\" srcset=\"https:\/\/content.principia.edu\/sites\/prague2023\/files\/2023\/10\/IMG_4871-1024x768.jpeg 1024w, https:\/\/content.principia.edu\/sites\/prague2023\/files\/2023\/10\/IMG_4871-300x225.jpeg 300w, https:\/\/content.principia.edu\/sites\/prague2023\/files\/2023\/10\/IMG_4871-768x576.jpeg 768w, https:\/\/content.principia.edu\/sites\/prague2023\/files\/2023\/10\/IMG_4871-1536x1152.jpeg 1536w, https:\/\/content.principia.edu\/sites\/prague2023\/files\/2023\/10\/IMG_4871-2048x1536.jpeg 2048w\" sizes=\"auto, (max-width: 1024px) 100vw, 1024px\" \/><\/figure>\n\n\n\n<figure class=\"wp-block-image size-large\"><img loading=\"lazy\" decoding=\"async\" width=\"1024\" height=\"768\" src=\"https:\/\/content.principia.edu\/sites\/prague2023\/files\/2023\/10\/IMG_4872-1024x768.jpeg\" alt=\"\" class=\"wp-image-867\" srcset=\"https:\/\/content.principia.edu\/sites\/prague2023\/files\/2023\/10\/IMG_4872-1024x768.jpeg 1024w, https:\/\/content.principia.edu\/sites\/prague2023\/files\/2023\/10\/IMG_4872-300x225.jpeg 300w, https:\/\/content.principia.edu\/sites\/prague2023\/files\/2023\/10\/IMG_4872-768x576.jpeg 768w, https:\/\/content.principia.edu\/sites\/prague2023\/files\/2023\/10\/IMG_4872-1536x1152.jpeg 1536w, https:\/\/content.principia.edu\/sites\/prague2023\/files\/2023\/10\/IMG_4872-2048x1536.jpeg 2048w\" sizes=\"auto, (max-width: 1024px) 100vw, 1024px\" \/><\/figure>\n\n\n\n<figure class=\"wp-block-image size-large\"><img loading=\"lazy\" decoding=\"async\" width=\"1024\" height=\"768\" src=\"https:\/\/content.principia.edu\/sites\/prague2023\/files\/2023\/10\/IMG_4876-1024x768.jpeg\" alt=\"\" class=\"wp-image-868\" srcset=\"https:\/\/content.principia.edu\/sites\/prague2023\/files\/2023\/10\/IMG_4876-1024x768.jpeg 1024w, https:\/\/content.principia.edu\/sites\/prague2023\/files\/2023\/10\/IMG_4876-300x225.jpeg 300w, https:\/\/content.principia.edu\/sites\/prague2023\/files\/2023\/10\/IMG_4876-768x576.jpeg 768w, https:\/\/content.principia.edu\/sites\/prague2023\/files\/2023\/10\/IMG_4876-1536x1152.jpeg 1536w, https:\/\/content.principia.edu\/sites\/prague2023\/files\/2023\/10\/IMG_4876-2048x1536.jpeg 2048w\" sizes=\"auto, (max-width: 1024px) 100vw, 1024px\" \/><\/figure>\n\n\n\n<figure class=\"wp-block-image size-large\"><img loading=\"lazy\" decoding=\"async\" width=\"1024\" height=\"768\" src=\"https:\/\/content.principia.edu\/sites\/prague2023\/files\/2023\/10\/IMG_4880-1024x768.jpeg\" alt=\"\" class=\"wp-image-869\" srcset=\"https:\/\/content.principia.edu\/sites\/prague2023\/files\/2023\/10\/IMG_4880-1024x768.jpeg 1024w, https:\/\/content.principia.edu\/sites\/prague2023\/files\/2023\/10\/IMG_4880-300x225.jpeg 300w, https:\/\/content.principia.edu\/sites\/prague2023\/files\/2023\/10\/IMG_4880-768x576.jpeg 768w, https:\/\/content.principia.edu\/sites\/prague2023\/files\/2023\/10\/IMG_4880-1536x1152.jpeg 1536w, https:\/\/content.principia.edu\/sites\/prague2023\/files\/2023\/10\/IMG_4880-2048x1536.jpeg 2048w\" sizes=\"auto, (max-width: 1024px) 100vw, 1024px\" \/><\/figure>\n\n\n\n<figure class=\"wp-block-image size-large\"><img loading=\"lazy\" decoding=\"async\" width=\"1024\" height=\"768\" src=\"https:\/\/content.principia.edu\/sites\/prague2023\/files\/2023\/10\/IMG_4894-1024x768.jpeg\" alt=\"\" class=\"wp-image-870\" srcset=\"https:\/\/content.principia.edu\/sites\/prague2023\/files\/2023\/10\/IMG_4894-1024x768.jpeg 1024w, https:\/\/content.principia.edu\/sites\/prague2023\/files\/2023\/10\/IMG_4894-300x225.jpeg 300w, https:\/\/content.principia.edu\/sites\/prague2023\/files\/2023\/10\/IMG_4894-768x576.jpeg 768w, https:\/\/content.principia.edu\/sites\/prague2023\/files\/2023\/10\/IMG_4894-1536x1152.jpeg 1536w, https:\/\/content.principia.edu\/sites\/prague2023\/files\/2023\/10\/IMG_4894-2048x1536.jpeg 2048w\" sizes=\"auto, (max-width: 1024px) 100vw, 1024px\" \/><\/figure>\n\n\n\n<figure class=\"wp-block-image size-large\"><img loading=\"lazy\" decoding=\"async\" width=\"1024\" height=\"768\" src=\"https:\/\/content.principia.edu\/sites\/prague2023\/files\/2023\/10\/IMG_4896-1024x768.jpeg\" alt=\"\" class=\"wp-image-871\" srcset=\"https:\/\/content.principia.edu\/sites\/prague2023\/files\/2023\/10\/IMG_4896-1024x768.jpeg 1024w, https:\/\/content.principia.edu\/sites\/prague2023\/files\/2023\/10\/IMG_4896-300x225.jpeg 300w, https:\/\/content.principia.edu\/sites\/prague2023\/files\/2023\/10\/IMG_4896-768x576.jpeg 768w, https:\/\/content.principia.edu\/sites\/prague2023\/files\/2023\/10\/IMG_4896-1536x1152.jpeg 1536w, https:\/\/content.principia.edu\/sites\/prague2023\/files\/2023\/10\/IMG_4896-2048x1536.jpeg 2048w\" sizes=\"auto, (max-width: 1024px) 100vw, 1024px\" \/><\/figure>\n\n\n\n<figure class=\"wp-block-image size-large\"><img loading=\"lazy\" decoding=\"async\" width=\"1024\" height=\"768\" src=\"https:\/\/content.principia.edu\/sites\/prague2023\/files\/2023\/10\/IMG_4899-1024x768.jpeg\" alt=\"\" class=\"wp-image-872\" srcset=\"https:\/\/content.principia.edu\/sites\/prague2023\/files\/2023\/10\/IMG_4899-1024x768.jpeg 1024w, https:\/\/content.principia.edu\/sites\/prague2023\/files\/2023\/10\/IMG_4899-300x225.jpeg 300w, https:\/\/content.principia.edu\/sites\/prague2023\/files\/2023\/10\/IMG_4899-768x576.jpeg 768w, https:\/\/content.principia.edu\/sites\/prague2023\/files\/2023\/10\/IMG_4899-1536x1152.jpeg 1536w, https:\/\/content.principia.edu\/sites\/prague2023\/files\/2023\/10\/IMG_4899-2048x1536.jpeg 2048w\" sizes=\"auto, (max-width: 1024px) 100vw, 1024px\" \/><\/figure>\n\n\n\n<figure class=\"wp-block-image size-large\"><img loading=\"lazy\" decoding=\"async\" width=\"1024\" height=\"768\" src=\"https:\/\/content.principia.edu\/sites\/prague2023\/files\/2023\/10\/IMG_4900-1024x768.jpeg\" alt=\"\" class=\"wp-image-873\" srcset=\"https:\/\/content.principia.edu\/sites\/prague2023\/files\/2023\/10\/IMG_4900-1024x768.jpeg 1024w, https:\/\/content.principia.edu\/sites\/prague2023\/files\/2023\/10\/IMG_4900-300x225.jpeg 300w, https:\/\/content.principia.edu\/sites\/prague2023\/files\/2023\/10\/IMG_4900-768x576.jpeg 768w, https:\/\/content.principia.edu\/sites\/prague2023\/files\/2023\/10\/IMG_4900-1536x1152.jpeg 1536w, https:\/\/content.principia.edu\/sites\/prague2023\/files\/2023\/10\/IMG_4900-2048x1536.jpeg 2048w\" sizes=\"auto, (max-width: 1024px) 100vw, 1024px\" \/><\/figure>\n\n\n\n<p>And should one need to take care of some Cubist business . . . <\/p>\n\n\n\n<figure class=\"wp-block-image size-large\"><img loading=\"lazy\" decoding=\"async\" width=\"1920\" height=\"2560\" src=\"https:\/\/content.principia.edu\/sites\/prague2023\/files\/2023\/10\/IMG_4903-edited-scaled.jpeg\" alt=\"\" class=\"wp-image-875\" srcset=\"https:\/\/content.principia.edu\/sites\/prague2023\/files\/2023\/10\/IMG_4903-edited-scaled.jpeg 1920w, https:\/\/content.principia.edu\/sites\/prague2023\/files\/2023\/10\/IMG_4903-edited-225x300.jpeg 225w, https:\/\/content.principia.edu\/sites\/prague2023\/files\/2023\/10\/IMG_4903-edited-768x1024.jpeg 768w, https:\/\/content.principia.edu\/sites\/prague2023\/files\/2023\/10\/IMG_4903-edited-1152x1536.jpeg 1152w, https:\/\/content.principia.edu\/sites\/prague2023\/files\/2023\/10\/IMG_4903-edited-1536x2048.jpeg 1536w\" sizes=\"auto, (max-width: 1920px) 100vw, 1920px\" \/><\/figure>\n","protected":false},"excerpt":{"rendered":"<p>Throughout the abroad, students have been engaging with the history and production of modernist art and literature in the Czech lands. This afternoon we traveled to the Czech Cubism Museum in the Old Town to see one of the most recognizable forms of modern art: Cubism. The Cubism Museum has its collections in the House [&hellip;]<\/p>\n","protected":false},"author":46,"featured_media":863,"comment_status":"open","ping_status":"open","sticky":false,"template":"","format":"standard","meta":{"_monsterinsights_skip_tracking":false,"_monsterinsights_sitenote_active":false,"_monsterinsights_sitenote_note":"","_monsterinsights_sitenote_category":0,"ngg_post_thumbnail":0,"footnotes":""},"categories":[1],"tags":[],"class_list":["post-843","post","type-post","status-publish","format-standard","has-post-thumbnail","hentry","category-uncategorized"],"_links":{"self":[{"href":"https:\/\/content.principia.edu\/sites\/prague2023\/wp-json\/wp\/v2\/posts\/843","targetHints":{"allow":["GET"]}}],"collection":[{"href":"https:\/\/content.principia.edu\/sites\/prague2023\/wp-json\/wp\/v2\/posts"}],"about":[{"href":"https:\/\/content.principia.edu\/sites\/prague2023\/wp-json\/wp\/v2\/types\/post"}],"author":[{"embeddable":true,"href":"https:\/\/content.principia.edu\/sites\/prague2023\/wp-json\/wp\/v2\/users\/46"}],"replies":[{"embeddable":true,"href":"https:\/\/content.principia.edu\/sites\/prague2023\/wp-json\/wp\/v2\/comments?post=843"}],"version-history":[{"count":4,"href":"https:\/\/content.principia.edu\/sites\/prague2023\/wp-json\/wp\/v2\/posts\/843\/revisions"}],"predecessor-version":[{"id":880,"href":"https:\/\/content.principia.edu\/sites\/prague2023\/wp-json\/wp\/v2\/posts\/843\/revisions\/880"}],"wp:featuredmedia":[{"embeddable":true,"href":"https:\/\/content.principia.edu\/sites\/prague2023\/wp-json\/wp\/v2\/media\/863"}],"wp:attachment":[{"href":"https:\/\/content.principia.edu\/sites\/prague2023\/wp-json\/wp\/v2\/media?parent=843"}],"wp:term":[{"taxonomy":"category","embeddable":true,"href":"https:\/\/content.principia.edu\/sites\/prague2023\/wp-json\/wp\/v2\/categories?post=843"},{"taxonomy":"post_tag","embeddable":true,"href":"https:\/\/content.principia.edu\/sites\/prague2023\/wp-json\/wp\/v2\/tags?post=843"}],"curies":[{"name":"wp","href":"https:\/\/api.w.org\/{rel}","templated":true}]}}