{"id":548,"date":"2023-09-28T19:20:57","date_gmt":"2023-09-28T19:20:57","guid":{"rendered":"https:\/\/content.principia.edu\/sites\/prague2023\/?p=548"},"modified":"2023-09-28T19:40:48","modified_gmt":"2023-09-28T19:40:48","slug":"the-veletrzni-palac","status":"publish","type":"post","link":"https:\/\/content.principia.edu\/sites\/prague2023\/2023\/09\/28\/the-veletrzni-palac\/","title":{"rendered":"The Veletr\u017en\u00ed Pal\u00e1c"},"content":{"rendered":"\n<p>In today&#8217;s morning metaphysical meeting, Dammy read a traditional Czech tale known as &#8220;The Four Brothers.&#8221;<\/p>\n\n\n\n<figure class=\"wp-block-image size-large\"><img loading=\"lazy\" decoding=\"async\" width=\"1024\" height=\"768\" src=\"https:\/\/content.principia.edu\/sites\/prague2023\/files\/2023\/09\/IMG_0499-1024x768.jpeg\" alt=\"\" class=\"wp-image-549\" srcset=\"https:\/\/content.principia.edu\/sites\/prague2023\/files\/2023\/09\/IMG_0499-1024x768.jpeg 1024w, https:\/\/content.principia.edu\/sites\/prague2023\/files\/2023\/09\/IMG_0499-300x225.jpeg 300w, https:\/\/content.principia.edu\/sites\/prague2023\/files\/2023\/09\/IMG_0499-768x576.jpeg 768w, https:\/\/content.principia.edu\/sites\/prague2023\/files\/2023\/09\/IMG_0499-1536x1152.jpeg 1536w, https:\/\/content.principia.edu\/sites\/prague2023\/files\/2023\/09\/IMG_0499-2048x1536.jpeg 2048w\" sizes=\"auto, (max-width: 1024px) 100vw, 1024px\" \/><\/figure>\n\n\n\n<p>After the tale and a group discussion, we celebrated the name day for &#8220;V\u00e1clav,&#8221; Nathan&#8217;s adopted name! <\/p>\n\n\n\n<figure class=\"wp-block-image size-large\"><img loading=\"lazy\" decoding=\"async\" width=\"1024\" height=\"768\" src=\"https:\/\/content.principia.edu\/sites\/prague2023\/files\/2023\/09\/IMG_0501-1024x768.jpeg\" alt=\"\" class=\"wp-image-550\" srcset=\"https:\/\/content.principia.edu\/sites\/prague2023\/files\/2023\/09\/IMG_0501-1024x768.jpeg 1024w, https:\/\/content.principia.edu\/sites\/prague2023\/files\/2023\/09\/IMG_0501-300x225.jpeg 300w, https:\/\/content.principia.edu\/sites\/prague2023\/files\/2023\/09\/IMG_0501-768x576.jpeg 768w, https:\/\/content.principia.edu\/sites\/prague2023\/files\/2023\/09\/IMG_0501-1536x1152.jpeg 1536w, https:\/\/content.principia.edu\/sites\/prague2023\/files\/2023\/09\/IMG_0501-2048x1536.jpeg 2048w\" sizes=\"auto, (max-width: 1024px) 100vw, 1024px\" \/><\/figure>\n\n\n\n<figure class=\"wp-block-image size-large\"><img loading=\"lazy\" decoding=\"async\" width=\"1024\" height=\"768\" src=\"https:\/\/content.principia.edu\/sites\/prague2023\/files\/2023\/09\/IMG_0505-1024x768.jpeg\" alt=\"\" class=\"wp-image-551\" srcset=\"https:\/\/content.principia.edu\/sites\/prague2023\/files\/2023\/09\/IMG_0505-1024x768.jpeg 1024w, https:\/\/content.principia.edu\/sites\/prague2023\/files\/2023\/09\/IMG_0505-300x225.jpeg 300w, https:\/\/content.principia.edu\/sites\/prague2023\/files\/2023\/09\/IMG_0505-768x576.jpeg 768w, https:\/\/content.principia.edu\/sites\/prague2023\/files\/2023\/09\/IMG_0505-1536x1152.jpeg 1536w, https:\/\/content.principia.edu\/sites\/prague2023\/files\/2023\/09\/IMG_0505-2048x1536.jpeg 2048w\" sizes=\"auto, (max-width: 1024px) 100vw, 1024px\" \/><\/figure>\n\n\n\n<p>Next up, the students met for creative writing, during which Dinah introduced them to a series of Surrealist word and writing games. Pictured below is the living room of Dinah and Paul&#8217;s apartment, also known as the classroom.<\/p>\n\n\n\n<figure class=\"wp-block-image size-large\"><img loading=\"lazy\" decoding=\"async\" width=\"1024\" height=\"768\" src=\"https:\/\/content.principia.edu\/sites\/prague2023\/files\/2023\/09\/IMG_0508-1024x768.jpeg\" alt=\"\" class=\"wp-image-552\" srcset=\"https:\/\/content.principia.edu\/sites\/prague2023\/files\/2023\/09\/IMG_0508-1024x768.jpeg 1024w, https:\/\/content.principia.edu\/sites\/prague2023\/files\/2023\/09\/IMG_0508-300x225.jpeg 300w, https:\/\/content.principia.edu\/sites\/prague2023\/files\/2023\/09\/IMG_0508-768x576.jpeg 768w, https:\/\/content.principia.edu\/sites\/prague2023\/files\/2023\/09\/IMG_0508-1536x1152.jpeg 1536w, https:\/\/content.principia.edu\/sites\/prague2023\/files\/2023\/09\/IMG_0508-2048x1536.jpeg 2048w\" sizes=\"auto, (max-width: 1024px) 100vw, 1024px\" \/><\/figure>\n\n\n\n<p>After lunch, we made our way to the Veletr\u017en\u00ed pal\u00e1c in Hole\u0161ovice. The Veletr\u017en\u00ed pal\u00e1c is one of the buildings of Prague&#8217;s National Gallery. When it was completed in 1928, the building was the largest of its kind in the world and the first Functionalist building in Prague. <\/p>\n\n\n\n<p>We met outside the gallery in front of a plaque that commemorates the former place where Czech Jews were rounded up for deportation to the Terez\u00edn ghetto and holding camp during the Second World War. The plaque was designed by the artist Helga Weissova\u2013Ho\u0161kov\u00e1, who survived Tere\u017ain and the Holocaust. We will be visiting Tere\u017ain next month.&nbsp;<\/p>\n\n\n\n<figure class=\"wp-block-image size-large\"><img loading=\"lazy\" decoding=\"async\" width=\"1024\" height=\"768\" src=\"https:\/\/content.principia.edu\/sites\/prague2023\/files\/2023\/09\/IMG_3891-1024x768.jpeg\" alt=\"\" class=\"wp-image-553\" srcset=\"https:\/\/content.principia.edu\/sites\/prague2023\/files\/2023\/09\/IMG_3891-1024x768.jpeg 1024w, https:\/\/content.principia.edu\/sites\/prague2023\/files\/2023\/09\/IMG_3891-300x225.jpeg 300w, https:\/\/content.principia.edu\/sites\/prague2023\/files\/2023\/09\/IMG_3891-768x576.jpeg 768w, https:\/\/content.principia.edu\/sites\/prague2023\/files\/2023\/09\/IMG_3891-1536x1152.jpeg 1536w, https:\/\/content.principia.edu\/sites\/prague2023\/files\/2023\/09\/IMG_3891-2048x1536.jpeg 2048w\" sizes=\"auto, (max-width: 1024px) 100vw, 1024px\" \/><\/figure>\n\n\n\n<figure class=\"wp-block-image size-large\"><img loading=\"lazy\" decoding=\"async\" width=\"1024\" height=\"768\" src=\"https:\/\/content.principia.edu\/sites\/prague2023\/files\/2023\/09\/IMG_3893-1024x768.jpeg\" alt=\"\" class=\"wp-image-554\" srcset=\"https:\/\/content.principia.edu\/sites\/prague2023\/files\/2023\/09\/IMG_3893-1024x768.jpeg 1024w, https:\/\/content.principia.edu\/sites\/prague2023\/files\/2023\/09\/IMG_3893-300x225.jpeg 300w, https:\/\/content.principia.edu\/sites\/prague2023\/files\/2023\/09\/IMG_3893-768x576.jpeg 768w, https:\/\/content.principia.edu\/sites\/prague2023\/files\/2023\/09\/IMG_3893-1536x1152.jpeg 1536w, https:\/\/content.principia.edu\/sites\/prague2023\/files\/2023\/09\/IMG_3893-2048x1536.jpeg 2048w\" sizes=\"auto, (max-width: 1024px) 100vw, 1024px\" \/><\/figure>\n\n\n\n<p>Inside the Veletr\u017en\u00ed pal\u00e1c, Paul discussed the gallery&#8217;s permanent collections and new shows. <\/p>\n\n\n\n<figure class=\"wp-block-image size-large\"><img loading=\"lazy\" decoding=\"async\" width=\"1024\" height=\"768\" src=\"https:\/\/content.principia.edu\/sites\/prague2023\/files\/2023\/09\/IMG_3895-1024x768.jpeg\" alt=\"\" class=\"wp-image-556\" srcset=\"https:\/\/content.principia.edu\/sites\/prague2023\/files\/2023\/09\/IMG_3895-1024x768.jpeg 1024w, https:\/\/content.principia.edu\/sites\/prague2023\/files\/2023\/09\/IMG_3895-300x225.jpeg 300w, https:\/\/content.principia.edu\/sites\/prague2023\/files\/2023\/09\/IMG_3895-768x576.jpeg 768w, https:\/\/content.principia.edu\/sites\/prague2023\/files\/2023\/09\/IMG_3895-1536x1152.jpeg 1536w, https:\/\/content.principia.edu\/sites\/prague2023\/files\/2023\/09\/IMG_3895-2048x1536.jpeg 2048w\" sizes=\"auto, (max-width: 1024px) 100vw, 1024px\" \/><\/figure>\n\n\n\n<figure class=\"wp-block-image size-large\"><img loading=\"lazy\" decoding=\"async\" width=\"1024\" height=\"768\" src=\"https:\/\/content.principia.edu\/sites\/prague2023\/files\/2023\/09\/IMG_3902-1024x768.jpeg\" alt=\"\" class=\"wp-image-557\" srcset=\"https:\/\/content.principia.edu\/sites\/prague2023\/files\/2023\/09\/IMG_3902-1024x768.jpeg 1024w, https:\/\/content.principia.edu\/sites\/prague2023\/files\/2023\/09\/IMG_3902-300x225.jpeg 300w, https:\/\/content.principia.edu\/sites\/prague2023\/files\/2023\/09\/IMG_3902-768x576.jpeg 768w, https:\/\/content.principia.edu\/sites\/prague2023\/files\/2023\/09\/IMG_3902-1536x1152.jpeg 1536w, https:\/\/content.principia.edu\/sites\/prague2023\/files\/2023\/09\/IMG_3902-2048x1536.jpeg 2048w\" sizes=\"auto, (max-width: 1024px) 100vw, 1024px\" \/><\/figure>\n\n\n\n<p>Pictured below: a view of the gallery structure from the 2nd floor. <\/p>\n\n\n\n<figure class=\"wp-block-image size-large\"><img loading=\"lazy\" decoding=\"async\" width=\"1024\" height=\"768\" src=\"https:\/\/content.principia.edu\/sites\/prague2023\/files\/2023\/09\/IMG_3907-1024x768.jpeg\" alt=\"\" class=\"wp-image-558\" srcset=\"https:\/\/content.principia.edu\/sites\/prague2023\/files\/2023\/09\/IMG_3907-1024x768.jpeg 1024w, https:\/\/content.principia.edu\/sites\/prague2023\/files\/2023\/09\/IMG_3907-300x225.jpeg 300w, https:\/\/content.principia.edu\/sites\/prague2023\/files\/2023\/09\/IMG_3907-768x576.jpeg 768w, https:\/\/content.principia.edu\/sites\/prague2023\/files\/2023\/09\/IMG_3907-1536x1152.jpeg 1536w, https:\/\/content.principia.edu\/sites\/prague2023\/files\/2023\/09\/IMG_3907-2048x1536.jpeg 2048w\" sizes=\"auto, (max-width: 1024px) 100vw, 1024px\" \/><\/figure>\n\n\n\n<figure class=\"wp-block-image size-large\"><img loading=\"lazy\" decoding=\"async\" width=\"1024\" height=\"768\" src=\"https:\/\/content.principia.edu\/sites\/prague2023\/files\/2023\/09\/IMG_3912-1024x768.jpeg\" alt=\"\" class=\"wp-image-559\" srcset=\"https:\/\/content.principia.edu\/sites\/prague2023\/files\/2023\/09\/IMG_3912-1024x768.jpeg 1024w, https:\/\/content.principia.edu\/sites\/prague2023\/files\/2023\/09\/IMG_3912-300x225.jpeg 300w, https:\/\/content.principia.edu\/sites\/prague2023\/files\/2023\/09\/IMG_3912-768x576.jpeg 768w, https:\/\/content.principia.edu\/sites\/prague2023\/files\/2023\/09\/IMG_3912-1536x1152.jpeg 1536w, https:\/\/content.principia.edu\/sites\/prague2023\/files\/2023\/09\/IMG_3912-2048x1536.jpeg 2048w\" sizes=\"auto, (max-width: 1024px) 100vw, 1024px\" \/><\/figure>\n\n\n\n<p>Then, Paul led us through the medium-term exhibition <em>First Czechoslovak Republic<\/em>, which &#8220;introduces the artistic production of Czechoslovakia between 1918 and 1938, placing emphasis on the state&#8217;s multinational character.&#8221;<\/p>\n\n\n\n<figure class=\"wp-block-image size-large\"><img loading=\"lazy\" decoding=\"async\" width=\"1024\" height=\"768\" src=\"https:\/\/content.principia.edu\/sites\/prague2023\/files\/2023\/09\/IMG_3915-1024x768.jpeg\" alt=\"\" class=\"wp-image-560\" srcset=\"https:\/\/content.principia.edu\/sites\/prague2023\/files\/2023\/09\/IMG_3915-1024x768.jpeg 1024w, https:\/\/content.principia.edu\/sites\/prague2023\/files\/2023\/09\/IMG_3915-300x225.jpeg 300w, https:\/\/content.principia.edu\/sites\/prague2023\/files\/2023\/09\/IMG_3915-768x576.jpeg 768w, https:\/\/content.principia.edu\/sites\/prague2023\/files\/2023\/09\/IMG_3915-1536x1152.jpeg 1536w, https:\/\/content.principia.edu\/sites\/prague2023\/files\/2023\/09\/IMG_3915-2048x1536.jpeg 2048w\" sizes=\"auto, (max-width: 1024px) 100vw, 1024px\" \/><\/figure>\n\n\n\n<figure class=\"wp-block-image size-large\"><img loading=\"lazy\" decoding=\"async\" width=\"1024\" height=\"768\" src=\"https:\/\/content.principia.edu\/sites\/prague2023\/files\/2023\/09\/IMG_3917-1024x768.jpeg\" alt=\"\" class=\"wp-image-561\" srcset=\"https:\/\/content.principia.edu\/sites\/prague2023\/files\/2023\/09\/IMG_3917-1024x768.jpeg 1024w, https:\/\/content.principia.edu\/sites\/prague2023\/files\/2023\/09\/IMG_3917-300x225.jpeg 300w, https:\/\/content.principia.edu\/sites\/prague2023\/files\/2023\/09\/IMG_3917-768x576.jpeg 768w, https:\/\/content.principia.edu\/sites\/prague2023\/files\/2023\/09\/IMG_3917-1536x1152.jpeg 1536w, https:\/\/content.principia.edu\/sites\/prague2023\/files\/2023\/09\/IMG_3917-2048x1536.jpeg 2048w\" sizes=\"auto, (max-width: 1024px) 100vw, 1024px\" \/><\/figure>\n\n\n\n<figure class=\"wp-block-image size-large\"><img loading=\"lazy\" decoding=\"async\" width=\"1024\" height=\"768\" src=\"https:\/\/content.principia.edu\/sites\/prague2023\/files\/2023\/09\/IMG_3920-1024x768.jpeg\" alt=\"\" class=\"wp-image-562\" srcset=\"https:\/\/content.principia.edu\/sites\/prague2023\/files\/2023\/09\/IMG_3920-1024x768.jpeg 1024w, https:\/\/content.principia.edu\/sites\/prague2023\/files\/2023\/09\/IMG_3920-300x225.jpeg 300w, https:\/\/content.principia.edu\/sites\/prague2023\/files\/2023\/09\/IMG_3920-768x576.jpeg 768w, https:\/\/content.principia.edu\/sites\/prague2023\/files\/2023\/09\/IMG_3920-1536x1152.jpeg 1536w, https:\/\/content.principia.edu\/sites\/prague2023\/files\/2023\/09\/IMG_3920-2048x1536.jpeg 2048w\" sizes=\"auto, (max-width: 1024px) 100vw, 1024px\" \/><\/figure>\n\n\n\n<p>The exhibition opened with a painting and series of busts of Tom\u00e1\u0161 Garrigue Masaryk, the first&nbsp;President of Czechoslovakia&nbsp;from 1918 to 1935. <\/p>\n\n\n\n<figure class=\"wp-block-image size-large\"><img loading=\"lazy\" decoding=\"async\" width=\"1024\" height=\"768\" src=\"https:\/\/content.principia.edu\/sites\/prague2023\/files\/2023\/09\/IMG_3919-1024x768.jpeg\" alt=\"\" class=\"wp-image-563\" srcset=\"https:\/\/content.principia.edu\/sites\/prague2023\/files\/2023\/09\/IMG_3919-1024x768.jpeg 1024w, https:\/\/content.principia.edu\/sites\/prague2023\/files\/2023\/09\/IMG_3919-300x225.jpeg 300w, https:\/\/content.principia.edu\/sites\/prague2023\/files\/2023\/09\/IMG_3919-768x576.jpeg 768w, https:\/\/content.principia.edu\/sites\/prague2023\/files\/2023\/09\/IMG_3919-1536x1152.jpeg 1536w, https:\/\/content.principia.edu\/sites\/prague2023\/files\/2023\/09\/IMG_3919-2048x1536.jpeg 2048w\" sizes=\"auto, (max-width: 1024px) 100vw, 1024px\" \/><\/figure>\n\n\n\n<p>Then, the exhibition moved progressively through the years of modern art. Here we are looking at the Fauvist and Cubist &#8220;Bathers&#8221; (1915) by V\u00e1clav \u0160p\u00e1la.<\/p>\n\n\n\n<figure class=\"wp-block-image size-large\"><img loading=\"lazy\" decoding=\"async\" width=\"1024\" height=\"768\" src=\"https:\/\/content.principia.edu\/sites\/prague2023\/files\/2023\/09\/IMG_3925-1024x768.jpeg\" alt=\"\" class=\"wp-image-564\" srcset=\"https:\/\/content.principia.edu\/sites\/prague2023\/files\/2023\/09\/IMG_3925-1024x768.jpeg 1024w, https:\/\/content.principia.edu\/sites\/prague2023\/files\/2023\/09\/IMG_3925-300x225.jpeg 300w, https:\/\/content.principia.edu\/sites\/prague2023\/files\/2023\/09\/IMG_3925-768x576.jpeg 768w, https:\/\/content.principia.edu\/sites\/prague2023\/files\/2023\/09\/IMG_3925-1536x1152.jpeg 1536w, https:\/\/content.principia.edu\/sites\/prague2023\/files\/2023\/09\/IMG_3925-2048x1536.jpeg 2048w\" sizes=\"auto, (max-width: 1024px) 100vw, 1024px\" \/><\/figure>\n\n\n\n<figure class=\"wp-block-image size-large\"><img loading=\"lazy\" decoding=\"async\" width=\"1024\" height=\"768\" src=\"https:\/\/content.principia.edu\/sites\/prague2023\/files\/2023\/09\/IMG_3931-1024x768.jpeg\" alt=\"\" class=\"wp-image-565\" srcset=\"https:\/\/content.principia.edu\/sites\/prague2023\/files\/2023\/09\/IMG_3931-1024x768.jpeg 1024w, https:\/\/content.principia.edu\/sites\/prague2023\/files\/2023\/09\/IMG_3931-300x225.jpeg 300w, https:\/\/content.principia.edu\/sites\/prague2023\/files\/2023\/09\/IMG_3931-768x576.jpeg 768w, https:\/\/content.principia.edu\/sites\/prague2023\/files\/2023\/09\/IMG_3931-1536x1152.jpeg 1536w, https:\/\/content.principia.edu\/sites\/prague2023\/files\/2023\/09\/IMG_3931-2048x1536.jpeg 2048w\" sizes=\"auto, (max-width: 1024px) 100vw, 1024px\" \/><\/figure>\n\n\n\n<p>Next up, Picasso&#8217;s &#8220;Standing Woman&#8221; (1921) and Pierre Bonnard&#8217;s &#8220;Conversation in Provence&#8221; (1913-14).<\/p>\n\n\n\n<figure class=\"wp-block-image size-large\"><img loading=\"lazy\" decoding=\"async\" width=\"1024\" height=\"768\" src=\"https:\/\/content.principia.edu\/sites\/prague2023\/files\/2023\/09\/IMG_3937-1024x768.jpeg\" alt=\"\" class=\"wp-image-566\" srcset=\"https:\/\/content.principia.edu\/sites\/prague2023\/files\/2023\/09\/IMG_3937-1024x768.jpeg 1024w, https:\/\/content.principia.edu\/sites\/prague2023\/files\/2023\/09\/IMG_3937-300x225.jpeg 300w, https:\/\/content.principia.edu\/sites\/prague2023\/files\/2023\/09\/IMG_3937-768x576.jpeg 768w, https:\/\/content.principia.edu\/sites\/prague2023\/files\/2023\/09\/IMG_3937-1536x1152.jpeg 1536w, https:\/\/content.principia.edu\/sites\/prague2023\/files\/2023\/09\/IMG_3937-2048x1536.jpeg 2048w\" sizes=\"auto, (max-width: 1024px) 100vw, 1024px\" \/><\/figure>\n\n\n\n<figure class=\"wp-block-image size-large\"><img loading=\"lazy\" decoding=\"async\" width=\"1024\" height=\"768\" src=\"https:\/\/content.principia.edu\/sites\/prague2023\/files\/2023\/09\/IMG_3939-1024x768.jpeg\" alt=\"\" class=\"wp-image-567\" srcset=\"https:\/\/content.principia.edu\/sites\/prague2023\/files\/2023\/09\/IMG_3939-1024x768.jpeg 1024w, https:\/\/content.principia.edu\/sites\/prague2023\/files\/2023\/09\/IMG_3939-300x225.jpeg 300w, https:\/\/content.principia.edu\/sites\/prague2023\/files\/2023\/09\/IMG_3939-768x576.jpeg 768w, https:\/\/content.principia.edu\/sites\/prague2023\/files\/2023\/09\/IMG_3939-1536x1152.jpeg 1536w, https:\/\/content.principia.edu\/sites\/prague2023\/files\/2023\/09\/IMG_3939-2048x1536.jpeg 2048w\" sizes=\"auto, (max-width: 1024px) 100vw, 1024px\" \/><\/figure>\n\n\n\n<p> Here we see painting by Josef \u010capek.<\/p>\n\n\n\n<figure class=\"wp-block-image size-large\"><img loading=\"lazy\" decoding=\"async\" width=\"1024\" height=\"768\" src=\"https:\/\/content.principia.edu\/sites\/prague2023\/files\/2023\/09\/IMG_3942-1024x768.jpeg\" alt=\"\" class=\"wp-image-568\" srcset=\"https:\/\/content.principia.edu\/sites\/prague2023\/files\/2023\/09\/IMG_3942-1024x768.jpeg 1024w, https:\/\/content.principia.edu\/sites\/prague2023\/files\/2023\/09\/IMG_3942-300x225.jpeg 300w, https:\/\/content.principia.edu\/sites\/prague2023\/files\/2023\/09\/IMG_3942-768x576.jpeg 768w, https:\/\/content.principia.edu\/sites\/prague2023\/files\/2023\/09\/IMG_3942-1536x1152.jpeg 1536w, https:\/\/content.principia.edu\/sites\/prague2023\/files\/2023\/09\/IMG_3942-2048x1536.jpeg 2048w\" sizes=\"auto, (max-width: 1024px) 100vw, 1024px\" \/><\/figure>\n\n\n\n<p>And here, Emil Filla&#8217;s &#8220;Head (Lovers)&#8221; (1933), a beautiful example of the &#8220;formal simultaneity&#8221; that characterizes the Cubist style.<\/p>\n\n\n\n<figure class=\"wp-block-image size-large\"><img loading=\"lazy\" decoding=\"async\" width=\"1024\" height=\"768\" src=\"https:\/\/content.principia.edu\/sites\/prague2023\/files\/2023\/09\/IMG_3952-1024x768.jpeg\" alt=\"\" class=\"wp-image-569\" srcset=\"https:\/\/content.principia.edu\/sites\/prague2023\/files\/2023\/09\/IMG_3952-1024x768.jpeg 1024w, https:\/\/content.principia.edu\/sites\/prague2023\/files\/2023\/09\/IMG_3952-300x225.jpeg 300w, https:\/\/content.principia.edu\/sites\/prague2023\/files\/2023\/09\/IMG_3952-768x576.jpeg 768w, https:\/\/content.principia.edu\/sites\/prague2023\/files\/2023\/09\/IMG_3952-1536x1152.jpeg 1536w, https:\/\/content.principia.edu\/sites\/prague2023\/files\/2023\/09\/IMG_3952-2048x1536.jpeg 2048w\" sizes=\"auto, (max-width: 1024px) 100vw, 1024px\" \/><\/figure>\n\n\n\n<figure class=\"wp-block-image size-large\"><img loading=\"lazy\" decoding=\"async\" width=\"1024\" height=\"768\" src=\"https:\/\/content.principia.edu\/sites\/prague2023\/files\/2023\/09\/IMG_3954-2-1024x768.jpeg\" alt=\"\" class=\"wp-image-570\" srcset=\"https:\/\/content.principia.edu\/sites\/prague2023\/files\/2023\/09\/IMG_3954-2-1024x768.jpeg 1024w, https:\/\/content.principia.edu\/sites\/prague2023\/files\/2023\/09\/IMG_3954-2-300x225.jpeg 300w, https:\/\/content.principia.edu\/sites\/prague2023\/files\/2023\/09\/IMG_3954-2-768x576.jpeg 768w, https:\/\/content.principia.edu\/sites\/prague2023\/files\/2023\/09\/IMG_3954-2-1536x1152.jpeg 1536w, https:\/\/content.principia.edu\/sites\/prague2023\/files\/2023\/09\/IMG_3954-2-2048x1536.jpeg 2048w\" sizes=\"auto, (max-width: 1024px) 100vw, 1024px\" \/><\/figure>\n\n\n\n<p>Here we see Toyen&#8217;s &#8220;Still Life with Fish and Red Wine&#8221; (1922). Toyen was a member of the Surrealist movement and one of the foremost Czech Surrealist painters of her generation.<\/p>\n\n\n\n<figure class=\"wp-block-image size-large\"><img loading=\"lazy\" decoding=\"async\" width=\"1024\" height=\"768\" src=\"https:\/\/content.principia.edu\/sites\/prague2023\/files\/2023\/09\/IMG_3946-1024x768.jpeg\" alt=\"\" class=\"wp-image-582\" srcset=\"https:\/\/content.principia.edu\/sites\/prague2023\/files\/2023\/09\/IMG_3946-1024x768.jpeg 1024w, https:\/\/content.principia.edu\/sites\/prague2023\/files\/2023\/09\/IMG_3946-300x225.jpeg 300w, https:\/\/content.principia.edu\/sites\/prague2023\/files\/2023\/09\/IMG_3946-768x576.jpeg 768w, https:\/\/content.principia.edu\/sites\/prague2023\/files\/2023\/09\/IMG_3946-1536x1152.jpeg 1536w, https:\/\/content.principia.edu\/sites\/prague2023\/files\/2023\/09\/IMG_3946-2048x1536.jpeg 2048w\" sizes=\"auto, (max-width: 1024px) 100vw, 1024px\" \/><\/figure>\n\n\n\n<figure class=\"wp-block-image size-large\"><img loading=\"lazy\" decoding=\"async\" width=\"1024\" height=\"768\" src=\"https:\/\/content.principia.edu\/sites\/prague2023\/files\/2023\/09\/IMG_3947-1024x768.jpeg\" alt=\"\" class=\"wp-image-583\" srcset=\"https:\/\/content.principia.edu\/sites\/prague2023\/files\/2023\/09\/IMG_3947-1024x768.jpeg 1024w, https:\/\/content.principia.edu\/sites\/prague2023\/files\/2023\/09\/IMG_3947-300x225.jpeg 300w, https:\/\/content.principia.edu\/sites\/prague2023\/files\/2023\/09\/IMG_3947-768x576.jpeg 768w, https:\/\/content.principia.edu\/sites\/prague2023\/files\/2023\/09\/IMG_3947-1536x1152.jpeg 1536w, https:\/\/content.principia.edu\/sites\/prague2023\/files\/2023\/09\/IMG_3947-2048x1536.jpeg 2048w\" sizes=\"auto, (max-width: 1024px) 100vw, 1024px\" \/><\/figure>\n\n\n\n<p>After Paul&#8217;s rapid tour, we each chose a couple of artworks in the exhibition to draw and write about in our sketchbooks.<\/p>\n\n\n\n<figure class=\"wp-block-image size-large\"><img loading=\"lazy\" decoding=\"async\" width=\"1024\" height=\"768\" src=\"https:\/\/content.principia.edu\/sites\/prague2023\/files\/2023\/09\/IMG_3958-1024x768.jpeg\" alt=\"\" class=\"wp-image-584\" srcset=\"https:\/\/content.principia.edu\/sites\/prague2023\/files\/2023\/09\/IMG_3958-1024x768.jpeg 1024w, https:\/\/content.principia.edu\/sites\/prague2023\/files\/2023\/09\/IMG_3958-300x225.jpeg 300w, https:\/\/content.principia.edu\/sites\/prague2023\/files\/2023\/09\/IMG_3958-768x576.jpeg 768w, https:\/\/content.principia.edu\/sites\/prague2023\/files\/2023\/09\/IMG_3958-1536x1152.jpeg 1536w, https:\/\/content.principia.edu\/sites\/prague2023\/files\/2023\/09\/IMG_3958-2048x1536.jpeg 2048w\" sizes=\"auto, (max-width: 1024px) 100vw, 1024px\" \/><\/figure>\n\n\n\n<figure class=\"wp-block-image size-large\"><img loading=\"lazy\" decoding=\"async\" width=\"1024\" height=\"768\" src=\"https:\/\/content.principia.edu\/sites\/prague2023\/files\/2023\/09\/IMG_3979-1024x768.jpeg\" alt=\"\" class=\"wp-image-571\" srcset=\"https:\/\/content.principia.edu\/sites\/prague2023\/files\/2023\/09\/IMG_3979-1024x768.jpeg 1024w, https:\/\/content.principia.edu\/sites\/prague2023\/files\/2023\/09\/IMG_3979-300x225.jpeg 300w, https:\/\/content.principia.edu\/sites\/prague2023\/files\/2023\/09\/IMG_3979-768x576.jpeg 768w, https:\/\/content.principia.edu\/sites\/prague2023\/files\/2023\/09\/IMG_3979-1536x1152.jpeg 1536w, https:\/\/content.principia.edu\/sites\/prague2023\/files\/2023\/09\/IMG_3979-2048x1536.jpeg 2048w\" sizes=\"auto, (max-width: 1024px) 100vw, 1024px\" \/><\/figure>\n\n\n\n<figure class=\"wp-block-image size-large\"><img loading=\"lazy\" decoding=\"async\" width=\"1024\" height=\"768\" src=\"https:\/\/content.principia.edu\/sites\/prague2023\/files\/2023\/09\/IMG_3986-1024x768.jpeg\" alt=\"\" class=\"wp-image-572\" srcset=\"https:\/\/content.principia.edu\/sites\/prague2023\/files\/2023\/09\/IMG_3986-1024x768.jpeg 1024w, https:\/\/content.principia.edu\/sites\/prague2023\/files\/2023\/09\/IMG_3986-300x225.jpeg 300w, https:\/\/content.principia.edu\/sites\/prague2023\/files\/2023\/09\/IMG_3986-768x576.jpeg 768w, https:\/\/content.principia.edu\/sites\/prague2023\/files\/2023\/09\/IMG_3986-1536x1152.jpeg 1536w, https:\/\/content.principia.edu\/sites\/prague2023\/files\/2023\/09\/IMG_3986-2048x1536.jpeg 2048w\" sizes=\"auto, (max-width: 1024px) 100vw, 1024px\" \/><\/figure>\n\n\n\n<figure class=\"wp-block-image size-large\"><img loading=\"lazy\" decoding=\"async\" width=\"1024\" height=\"768\" src=\"https:\/\/content.principia.edu\/sites\/prague2023\/files\/2023\/09\/IMG_3988-1024x768.jpeg\" alt=\"\" class=\"wp-image-573\" srcset=\"https:\/\/content.principia.edu\/sites\/prague2023\/files\/2023\/09\/IMG_3988-1024x768.jpeg 1024w, https:\/\/content.principia.edu\/sites\/prague2023\/files\/2023\/09\/IMG_3988-300x225.jpeg 300w, https:\/\/content.principia.edu\/sites\/prague2023\/files\/2023\/09\/IMG_3988-768x576.jpeg 768w, https:\/\/content.principia.edu\/sites\/prague2023\/files\/2023\/09\/IMG_3988-1536x1152.jpeg 1536w, https:\/\/content.principia.edu\/sites\/prague2023\/files\/2023\/09\/IMG_3988-2048x1536.jpeg 2048w\" sizes=\"auto, (max-width: 1024px) 100vw, 1024px\" \/><\/figure>\n\n\n\n<figure class=\"wp-block-image size-large\"><img loading=\"lazy\" decoding=\"async\" width=\"1024\" height=\"768\" src=\"https:\/\/content.principia.edu\/sites\/prague2023\/files\/2023\/09\/IMG_3993-1024x768.jpeg\" alt=\"\" class=\"wp-image-574\" srcset=\"https:\/\/content.principia.edu\/sites\/prague2023\/files\/2023\/09\/IMG_3993-1024x768.jpeg 1024w, https:\/\/content.principia.edu\/sites\/prague2023\/files\/2023\/09\/IMG_3993-300x225.jpeg 300w, https:\/\/content.principia.edu\/sites\/prague2023\/files\/2023\/09\/IMG_3993-768x576.jpeg 768w, https:\/\/content.principia.edu\/sites\/prague2023\/files\/2023\/09\/IMG_3993-1536x1152.jpeg 1536w, https:\/\/content.principia.edu\/sites\/prague2023\/files\/2023\/09\/IMG_3993-2048x1536.jpeg 2048w\" sizes=\"auto, (max-width: 1024px) 100vw, 1024px\" \/><\/figure>\n\n\n\n<figure class=\"wp-block-image size-large\"><img loading=\"lazy\" decoding=\"async\" width=\"1024\" height=\"768\" src=\"https:\/\/content.principia.edu\/sites\/prague2023\/files\/2023\/09\/IMG_3999-1024x768.jpeg\" alt=\"\" class=\"wp-image-575\" srcset=\"https:\/\/content.principia.edu\/sites\/prague2023\/files\/2023\/09\/IMG_3999-1024x768.jpeg 1024w, https:\/\/content.principia.edu\/sites\/prague2023\/files\/2023\/09\/IMG_3999-300x225.jpeg 300w, https:\/\/content.principia.edu\/sites\/prague2023\/files\/2023\/09\/IMG_3999-768x576.jpeg 768w, https:\/\/content.principia.edu\/sites\/prague2023\/files\/2023\/09\/IMG_3999-1536x1152.jpeg 1536w, https:\/\/content.principia.edu\/sites\/prague2023\/files\/2023\/09\/IMG_3999-2048x1536.jpeg 2048w\" sizes=\"auto, (max-width: 1024px) 100vw, 1024px\" \/><\/figure>\n\n\n\n<figure class=\"wp-block-image size-large\"><img loading=\"lazy\" decoding=\"async\" width=\"1024\" height=\"768\" src=\"https:\/\/content.principia.edu\/sites\/prague2023\/files\/2023\/09\/IMG_4001-1024x768.jpeg\" alt=\"\" class=\"wp-image-576\" srcset=\"https:\/\/content.principia.edu\/sites\/prague2023\/files\/2023\/09\/IMG_4001-1024x768.jpeg 1024w, https:\/\/content.principia.edu\/sites\/prague2023\/files\/2023\/09\/IMG_4001-300x225.jpeg 300w, https:\/\/content.principia.edu\/sites\/prague2023\/files\/2023\/09\/IMG_4001-768x576.jpeg 768w, https:\/\/content.principia.edu\/sites\/prague2023\/files\/2023\/09\/IMG_4001-1536x1152.jpeg 1536w, https:\/\/content.principia.edu\/sites\/prague2023\/files\/2023\/09\/IMG_4001-2048x1536.jpeg 2048w\" sizes=\"auto, (max-width: 1024px) 100vw, 1024px\" \/><\/figure>\n\n\n\n<p>The Veletr\u017en\u00ed pal\u00e1c is huge.<\/p>\n\n\n\n<figure class=\"wp-block-image size-large\"><img loading=\"lazy\" decoding=\"async\" width=\"1024\" height=\"768\" src=\"https:\/\/content.principia.edu\/sites\/prague2023\/files\/2023\/09\/IMG_4032-1024x768.jpeg\" alt=\"\" class=\"wp-image-577\" srcset=\"https:\/\/content.principia.edu\/sites\/prague2023\/files\/2023\/09\/IMG_4032-1024x768.jpeg 1024w, https:\/\/content.principia.edu\/sites\/prague2023\/files\/2023\/09\/IMG_4032-300x225.jpeg 300w, https:\/\/content.principia.edu\/sites\/prague2023\/files\/2023\/09\/IMG_4032-768x576.jpeg 768w, https:\/\/content.principia.edu\/sites\/prague2023\/files\/2023\/09\/IMG_4032-1536x1152.jpeg 1536w, https:\/\/content.principia.edu\/sites\/prague2023\/files\/2023\/09\/IMG_4032-2048x1536.jpeg 2048w\" sizes=\"auto, (max-width: 1024px) 100vw, 1024px\" \/><\/figure>\n\n\n\n<p>Somehow we made it out at 5pm.<\/p>\n\n\n\n<figure class=\"wp-block-image size-large\"><img loading=\"lazy\" decoding=\"async\" width=\"1024\" height=\"768\" src=\"https:\/\/content.principia.edu\/sites\/prague2023\/files\/2023\/09\/IMG_4037-1024x768.jpeg\" alt=\"\" class=\"wp-image-578\" srcset=\"https:\/\/content.principia.edu\/sites\/prague2023\/files\/2023\/09\/IMG_4037-1024x768.jpeg 1024w, https:\/\/content.principia.edu\/sites\/prague2023\/files\/2023\/09\/IMG_4037-300x225.jpeg 300w, https:\/\/content.principia.edu\/sites\/prague2023\/files\/2023\/09\/IMG_4037-768x576.jpeg 768w, https:\/\/content.principia.edu\/sites\/prague2023\/files\/2023\/09\/IMG_4037-1536x1152.jpeg 1536w, https:\/\/content.principia.edu\/sites\/prague2023\/files\/2023\/09\/IMG_4037-2048x1536.jpeg 2048w\" sizes=\"auto, (max-width: 1024px) 100vw, 1024px\" \/><\/figure>\n","protected":false},"excerpt":{"rendered":"<p>In today&#8217;s morning metaphysical meeting, Dammy read a traditional Czech tale known as &#8220;The Four Brothers.&#8221; After the tale and a group discussion, we celebrated the name day for &#8220;V\u00e1clav,&#8221; Nathan&#8217;s adopted name! Next up, the students met for creative writing, during which Dinah introduced them to a series of Surrealist word and writing games. [&hellip;]<\/p>\n","protected":false},"author":46,"featured_media":564,"comment_status":"open","ping_status":"open","sticky":false,"template":"","format":"standard","meta":{"_monsterinsights_skip_tracking":false,"_monsterinsights_sitenote_active":false,"_monsterinsights_sitenote_note":"","_monsterinsights_sitenote_category":0,"ngg_post_thumbnail":0,"footnotes":""},"categories":[1],"tags":[],"class_list":["post-548","post","type-post","status-publish","format-standard","has-post-thumbnail","hentry","category-uncategorized"],"_links":{"self":[{"href":"https:\/\/content.principia.edu\/sites\/prague2023\/wp-json\/wp\/v2\/posts\/548","targetHints":{"allow":["GET"]}}],"collection":[{"href":"https:\/\/content.principia.edu\/sites\/prague2023\/wp-json\/wp\/v2\/posts"}],"about":[{"href":"https:\/\/content.principia.edu\/sites\/prague2023\/wp-json\/wp\/v2\/types\/post"}],"author":[{"embeddable":true,"href":"https:\/\/content.principia.edu\/sites\/prague2023\/wp-json\/wp\/v2\/users\/46"}],"replies":[{"embeddable":true,"href":"https:\/\/content.principia.edu\/sites\/prague2023\/wp-json\/wp\/v2\/comments?post=548"}],"version-history":[{"count":5,"href":"https:\/\/content.principia.edu\/sites\/prague2023\/wp-json\/wp\/v2\/posts\/548\/revisions"}],"predecessor-version":[{"id":589,"href":"https:\/\/content.principia.edu\/sites\/prague2023\/wp-json\/wp\/v2\/posts\/548\/revisions\/589"}],"wp:featuredmedia":[{"embeddable":true,"href":"https:\/\/content.principia.edu\/sites\/prague2023\/wp-json\/wp\/v2\/media\/564"}],"wp:attachment":[{"href":"https:\/\/content.principia.edu\/sites\/prague2023\/wp-json\/wp\/v2\/media?parent=548"}],"wp:term":[{"taxonomy":"category","embeddable":true,"href":"https:\/\/content.principia.edu\/sites\/prague2023\/wp-json\/wp\/v2\/categories?post=548"},{"taxonomy":"post_tag","embeddable":true,"href":"https:\/\/content.principia.edu\/sites\/prague2023\/wp-json\/wp\/v2\/tags?post=548"}],"curies":[{"name":"wp","href":"https:\/\/api.w.org\/{rel}","templated":true}]}}