{"id":518,"date":"2023-09-26T09:17:53","date_gmt":"2023-09-26T09:17:53","guid":{"rendered":"https:\/\/content.principia.edu\/sites\/prague2023\/?p=518"},"modified":"2023-09-26T09:20:12","modified_gmt":"2023-09-26T09:20:12","slug":"a-lecture-by-emma-pechackova-and-an-afternoon-at-vysehrad","status":"publish","type":"post","link":"https:\/\/content.principia.edu\/sites\/prague2023\/2023\/09\/26\/a-lecture-by-emma-pechackova-and-an-afternoon-at-vysehrad\/","title":{"rendered":"A lecture by Emma Pecha\u010dkova and an afternoon at Vy\u0161ehrad"},"content":{"rendered":"\n<p>The day began with a name day celebration for Dammy&#8217;s adopted name, &#8220;Zlata.&#8221; <\/p>\n\n\n\n<figure class=\"wp-block-image size-large\"><img loading=\"lazy\" decoding=\"async\" width=\"1024\" height=\"768\" src=\"https:\/\/content.principia.edu\/sites\/prague2023\/files\/2023\/09\/IMG_0335-1024x768.jpeg\" alt=\"\" class=\"wp-image-520\" srcset=\"https:\/\/content.principia.edu\/sites\/prague2023\/files\/2023\/09\/IMG_0335-1024x768.jpeg 1024w, https:\/\/content.principia.edu\/sites\/prague2023\/files\/2023\/09\/IMG_0335-300x225.jpeg 300w, https:\/\/content.principia.edu\/sites\/prague2023\/files\/2023\/09\/IMG_0335-768x576.jpeg 768w, https:\/\/content.principia.edu\/sites\/prague2023\/files\/2023\/09\/IMG_0335-1536x1152.jpeg 1536w, https:\/\/content.principia.edu\/sites\/prague2023\/files\/2023\/09\/IMG_0335-2048x1536.jpeg 2048w\" sizes=\"auto, (max-width: 1024px) 100vw, 1024px\" \/><\/figure>\n\n\n\n<p>Then we traveled to the Czech Center for Children&#8217;s Books to hear from publisher and children&#8217;s book writer Emma Pecha\u010dkova. <\/p>\n\n\n\n<figure class=\"wp-block-image size-large\"><img loading=\"lazy\" decoding=\"async\" width=\"1024\" height=\"768\" src=\"https:\/\/content.principia.edu\/sites\/prague2023\/files\/2023\/09\/IMG_3663-1024x768.jpeg\" alt=\"\" class=\"wp-image-521\" srcset=\"https:\/\/content.principia.edu\/sites\/prague2023\/files\/2023\/09\/IMG_3663-1024x768.jpeg 1024w, https:\/\/content.principia.edu\/sites\/prague2023\/files\/2023\/09\/IMG_3663-300x225.jpeg 300w, https:\/\/content.principia.edu\/sites\/prague2023\/files\/2023\/09\/IMG_3663-768x576.jpeg 768w, https:\/\/content.principia.edu\/sites\/prague2023\/files\/2023\/09\/IMG_3663-1536x1152.jpeg 1536w, https:\/\/content.principia.edu\/sites\/prague2023\/files\/2023\/09\/IMG_3663-2048x1536.jpeg 2048w\" sizes=\"auto, (max-width: 1024px) 100vw, 1024px\" \/><\/figure>\n\n\n\n<figure class=\"wp-block-image size-large\"><img loading=\"lazy\" decoding=\"async\" width=\"1024\" height=\"768\" src=\"https:\/\/content.principia.edu\/sites\/prague2023\/files\/2023\/09\/IMG_3669-1024x768.jpeg\" alt=\"\" class=\"wp-image-523\" srcset=\"https:\/\/content.principia.edu\/sites\/prague2023\/files\/2023\/09\/IMG_3669-1024x768.jpeg 1024w, https:\/\/content.principia.edu\/sites\/prague2023\/files\/2023\/09\/IMG_3669-300x225.jpeg 300w, https:\/\/content.principia.edu\/sites\/prague2023\/files\/2023\/09\/IMG_3669-768x576.jpeg 768w, https:\/\/content.principia.edu\/sites\/prague2023\/files\/2023\/09\/IMG_3669-1536x1152.jpeg 1536w, https:\/\/content.principia.edu\/sites\/prague2023\/files\/2023\/09\/IMG_3669-2048x1536.jpeg 2048w\" sizes=\"auto, (max-width: 1024px) 100vw, 1024px\" \/><\/figure>\n\n\n\n<p>In her lecture, Pecha\u010dkova talked about her life as a writer and publisher of children&#8217;s books in the Czech language. She talked about the long tradition of children&#8217;s books in the Czech Republic and the ways in which the Czech people have nurtured the genre. For example, during the Communism regime, many artists found work as illustrators of children&#8217;s books. <\/p>\n\n\n\n<figure class=\"wp-block-image size-large\"><img loading=\"lazy\" decoding=\"async\" width=\"1024\" height=\"768\" src=\"https:\/\/content.principia.edu\/sites\/prague2023\/files\/2023\/09\/IMG_3673-1024x768.jpeg\" alt=\"\" class=\"wp-image-524\" srcset=\"https:\/\/content.principia.edu\/sites\/prague2023\/files\/2023\/09\/IMG_3673-1024x768.jpeg 1024w, https:\/\/content.principia.edu\/sites\/prague2023\/files\/2023\/09\/IMG_3673-300x225.jpeg 300w, https:\/\/content.principia.edu\/sites\/prague2023\/files\/2023\/09\/IMG_3673-768x576.jpeg 768w, https:\/\/content.principia.edu\/sites\/prague2023\/files\/2023\/09\/IMG_3673-1536x1152.jpeg 1536w, https:\/\/content.principia.edu\/sites\/prague2023\/files\/2023\/09\/IMG_3673-2048x1536.jpeg 2048w\" sizes=\"auto, (max-width: 1024px) 100vw, 1024px\" \/><\/figure>\n\n\n\n<p>She talked about the practical sides of running a publishing business, such as how to buy and sell the rights for a book, the processes of translating books, and issues like target audience and censorship that impact a book&#8217;s success. She also talked about her writing process, which is informed by the intention to write a book that is intellectually interesting for both children and adult readers.<\/p>\n\n\n\n<figure class=\"wp-block-image size-large\"><img loading=\"lazy\" decoding=\"async\" width=\"1024\" height=\"768\" src=\"https:\/\/content.principia.edu\/sites\/prague2023\/files\/2023\/09\/IMG_3680-1024x768.jpeg\" alt=\"\" class=\"wp-image-525\" srcset=\"https:\/\/content.principia.edu\/sites\/prague2023\/files\/2023\/09\/IMG_3680-1024x768.jpeg 1024w, https:\/\/content.principia.edu\/sites\/prague2023\/files\/2023\/09\/IMG_3680-300x225.jpeg 300w, https:\/\/content.principia.edu\/sites\/prague2023\/files\/2023\/09\/IMG_3680-768x576.jpeg 768w, https:\/\/content.principia.edu\/sites\/prague2023\/files\/2023\/09\/IMG_3680-1536x1152.jpeg 1536w, https:\/\/content.principia.edu\/sites\/prague2023\/files\/2023\/09\/IMG_3680-2048x1536.jpeg 2048w\" sizes=\"auto, (max-width: 1024px) 100vw, 1024px\" \/><\/figure>\n\n\n\n<figure class=\"wp-block-image size-large\"><img loading=\"lazy\" decoding=\"async\" width=\"1024\" height=\"768\" src=\"https:\/\/content.principia.edu\/sites\/prague2023\/files\/2023\/09\/IMG_3681-1024x768.jpeg\" alt=\"\" class=\"wp-image-526\" srcset=\"https:\/\/content.principia.edu\/sites\/prague2023\/files\/2023\/09\/IMG_3681-1024x768.jpeg 1024w, https:\/\/content.principia.edu\/sites\/prague2023\/files\/2023\/09\/IMG_3681-300x225.jpeg 300w, https:\/\/content.principia.edu\/sites\/prague2023\/files\/2023\/09\/IMG_3681-768x576.jpeg 768w, https:\/\/content.principia.edu\/sites\/prague2023\/files\/2023\/09\/IMG_3681-1536x1152.jpeg 1536w, https:\/\/content.principia.edu\/sites\/prague2023\/files\/2023\/09\/IMG_3681-2048x1536.jpeg 2048w\" sizes=\"auto, (max-width: 1024px) 100vw, 1024px\" \/><\/figure>\n\n\n\n<p>After the lecture, we took a lunch break and walked to the historic castle and fortress known as Vy\u0161ehrad, which is associated with the origin stories of the Czech people and earliest Czech king, Vratislav I. <\/p>\n\n\n\n<p>Pictured below is one of the old fortress walls seen from Vratislavova street. <\/p>\n\n\n\n<figure class=\"wp-block-image size-large\"><img loading=\"lazy\" decoding=\"async\" width=\"1024\" height=\"938\" src=\"https:\/\/content.principia.edu\/sites\/prague2023\/files\/2023\/09\/IMG_3689-1024x938.jpeg\" alt=\"\" class=\"wp-image-527\" srcset=\"https:\/\/content.principia.edu\/sites\/prague2023\/files\/2023\/09\/IMG_3689-1024x938.jpeg 1024w, https:\/\/content.principia.edu\/sites\/prague2023\/files\/2023\/09\/IMG_3689-300x275.jpeg 300w, https:\/\/content.principia.edu\/sites\/prague2023\/files\/2023\/09\/IMG_3689-768x704.jpeg 768w, https:\/\/content.principia.edu\/sites\/prague2023\/files\/2023\/09\/IMG_3689-1536x1407.jpeg 1536w, https:\/\/content.principia.edu\/sites\/prague2023\/files\/2023\/09\/IMG_3689-2048x1876.jpeg 2048w\" sizes=\"auto, (max-width: 1024px) 100vw, 1024px\" \/><\/figure>\n\n\n\n<figure class=\"wp-block-image size-large\"><img loading=\"lazy\" decoding=\"async\" width=\"1024\" height=\"768\" src=\"https:\/\/content.principia.edu\/sites\/prague2023\/files\/2023\/09\/IMG_3690-1024x768.jpeg\" alt=\"\" class=\"wp-image-528\" srcset=\"https:\/\/content.principia.edu\/sites\/prague2023\/files\/2023\/09\/IMG_3690-1024x768.jpeg 1024w, https:\/\/content.principia.edu\/sites\/prague2023\/files\/2023\/09\/IMG_3690-300x225.jpeg 300w, https:\/\/content.principia.edu\/sites\/prague2023\/files\/2023\/09\/IMG_3690-768x576.jpeg 768w, https:\/\/content.principia.edu\/sites\/prague2023\/files\/2023\/09\/IMG_3690-1536x1152.jpeg 1536w, https:\/\/content.principia.edu\/sites\/prague2023\/files\/2023\/09\/IMG_3690-2048x1536.jpeg 2048w\" sizes=\"auto, (max-width: 1024px) 100vw, 1024px\" \/><\/figure>\n\n\n\n<figure class=\"wp-block-image size-large\"><img loading=\"lazy\" decoding=\"async\" width=\"1024\" height=\"797\" src=\"https:\/\/content.principia.edu\/sites\/prague2023\/files\/2023\/09\/IMG_3692-1024x797.jpeg\" alt=\"\" class=\"wp-image-529\" srcset=\"https:\/\/content.principia.edu\/sites\/prague2023\/files\/2023\/09\/IMG_3692-1024x797.jpeg 1024w, https:\/\/content.principia.edu\/sites\/prague2023\/files\/2023\/09\/IMG_3692-300x233.jpeg 300w, https:\/\/content.principia.edu\/sites\/prague2023\/files\/2023\/09\/IMG_3692-768x598.jpeg 768w, https:\/\/content.principia.edu\/sites\/prague2023\/files\/2023\/09\/IMG_3692-1536x1195.jpeg 1536w, https:\/\/content.principia.edu\/sites\/prague2023\/files\/2023\/09\/IMG_3692-2048x1594.jpeg 2048w\" sizes=\"auto, (max-width: 1024px) 100vw, 1024px\" \/><\/figure>\n\n\n\n<p>At Vy\u0161ehrad, we met in front of the statue of Libu\u0161e, the youngest daughter of the mythical Czech ruler Krok. In the 8th Century, Libu\u0161e is said to have prophesied the founding of Prague across the river from Vy\u0161ehrad, where the Prague castle stands today. She is central to the origin story of Prague and ideas of Czech nationhood.<\/p>\n\n\n\n<figure class=\"wp-block-image size-large\"><img loading=\"lazy\" decoding=\"async\" width=\"1024\" height=\"768\" src=\"https:\/\/content.principia.edu\/sites\/prague2023\/files\/2023\/09\/IMG_3702-1024x768.jpg\" alt=\"\" class=\"wp-image-530\" srcset=\"https:\/\/content.principia.edu\/sites\/prague2023\/files\/2023\/09\/IMG_3702-1024x768.jpg 1024w, https:\/\/content.principia.edu\/sites\/prague2023\/files\/2023\/09\/IMG_3702-300x225.jpg 300w, https:\/\/content.principia.edu\/sites\/prague2023\/files\/2023\/09\/IMG_3702-768x576.jpg 768w, https:\/\/content.principia.edu\/sites\/prague2023\/files\/2023\/09\/IMG_3702-1536x1152.jpg 1536w, https:\/\/content.principia.edu\/sites\/prague2023\/files\/2023\/09\/IMG_3702-2048x1536.jpg 2048w\" sizes=\"auto, (max-width: 1024px) 100vw, 1024px\" \/><\/figure>\n\n\n\n<figure class=\"wp-block-image size-large\"><img loading=\"lazy\" decoding=\"async\" width=\"1024\" height=\"768\" src=\"https:\/\/content.principia.edu\/sites\/prague2023\/files\/2023\/09\/IMG_3711-1024x768.jpg\" alt=\"\" class=\"wp-image-531\" srcset=\"https:\/\/content.principia.edu\/sites\/prague2023\/files\/2023\/09\/IMG_3711-1024x768.jpg 1024w, https:\/\/content.principia.edu\/sites\/prague2023\/files\/2023\/09\/IMG_3711-300x225.jpg 300w, https:\/\/content.principia.edu\/sites\/prague2023\/files\/2023\/09\/IMG_3711-768x576.jpg 768w, https:\/\/content.principia.edu\/sites\/prague2023\/files\/2023\/09\/IMG_3711-1536x1152.jpg 1536w, https:\/\/content.principia.edu\/sites\/prague2023\/files\/2023\/09\/IMG_3711-2048x1536.jpg 2048w\" sizes=\"auto, (max-width: 1024px) 100vw, 1024px\" \/><\/figure>\n\n\n\n<p>From there, we explored the old fort complex and chose locations to draw and write about in our sketchbooks.<\/p>\n\n\n\n<figure class=\"wp-block-image size-large\"><img loading=\"lazy\" decoding=\"async\" width=\"1024\" height=\"768\" src=\"https:\/\/content.principia.edu\/sites\/prague2023\/files\/2023\/09\/IMG_3705-1024x768.jpg\" alt=\"\" class=\"wp-image-532\" srcset=\"https:\/\/content.principia.edu\/sites\/prague2023\/files\/2023\/09\/IMG_3705-1024x768.jpg 1024w, https:\/\/content.principia.edu\/sites\/prague2023\/files\/2023\/09\/IMG_3705-300x225.jpg 300w, https:\/\/content.principia.edu\/sites\/prague2023\/files\/2023\/09\/IMG_3705-768x576.jpg 768w, https:\/\/content.principia.edu\/sites\/prague2023\/files\/2023\/09\/IMG_3705-1536x1152.jpg 1536w, https:\/\/content.principia.edu\/sites\/prague2023\/files\/2023\/09\/IMG_3705-2048x1536.jpg 2048w\" sizes=\"auto, (max-width: 1024px) 100vw, 1024px\" \/><\/figure>\n\n\n\n<figure class=\"wp-block-image size-large\"><img loading=\"lazy\" decoding=\"async\" width=\"1024\" height=\"768\" src=\"https:\/\/content.principia.edu\/sites\/prague2023\/files\/2023\/09\/IMG_3714-1024x768.jpeg\" alt=\"\" class=\"wp-image-533\" srcset=\"https:\/\/content.principia.edu\/sites\/prague2023\/files\/2023\/09\/IMG_3714-1024x768.jpeg 1024w, https:\/\/content.principia.edu\/sites\/prague2023\/files\/2023\/09\/IMG_3714-300x225.jpeg 300w, https:\/\/content.principia.edu\/sites\/prague2023\/files\/2023\/09\/IMG_3714-768x576.jpeg 768w, https:\/\/content.principia.edu\/sites\/prague2023\/files\/2023\/09\/IMG_3714-1536x1152.jpeg 1536w, https:\/\/content.principia.edu\/sites\/prague2023\/files\/2023\/09\/IMG_3714-2048x1536.jpeg 2048w\" sizes=\"auto, (max-width: 1024px) 100vw, 1024px\" \/><\/figure>\n\n\n\n<figure class=\"wp-block-image size-large\"><img loading=\"lazy\" decoding=\"async\" width=\"1024\" height=\"768\" src=\"https:\/\/content.principia.edu\/sites\/prague2023\/files\/2023\/09\/IMG_3720-1024x768.jpg\" alt=\"\" class=\"wp-image-534\" srcset=\"https:\/\/content.principia.edu\/sites\/prague2023\/files\/2023\/09\/IMG_3720-1024x768.jpg 1024w, https:\/\/content.principia.edu\/sites\/prague2023\/files\/2023\/09\/IMG_3720-300x225.jpg 300w, https:\/\/content.principia.edu\/sites\/prague2023\/files\/2023\/09\/IMG_3720-768x576.jpg 768w, https:\/\/content.principia.edu\/sites\/prague2023\/files\/2023\/09\/IMG_3720-1536x1152.jpg 1536w, https:\/\/content.principia.edu\/sites\/prague2023\/files\/2023\/09\/IMG_3720-2048x1536.jpg 2048w\" sizes=\"auto, (max-width: 1024px) 100vw, 1024px\" \/><\/figure>\n\n\n\n<figure class=\"wp-block-image size-large\"><img loading=\"lazy\" decoding=\"async\" width=\"1024\" height=\"768\" src=\"https:\/\/content.principia.edu\/sites\/prague2023\/files\/2023\/09\/IMG_3721-1024x768.jpg\" alt=\"\" class=\"wp-image-535\" srcset=\"https:\/\/content.principia.edu\/sites\/prague2023\/files\/2023\/09\/IMG_3721-1024x768.jpg 1024w, https:\/\/content.principia.edu\/sites\/prague2023\/files\/2023\/09\/IMG_3721-300x225.jpg 300w, https:\/\/content.principia.edu\/sites\/prague2023\/files\/2023\/09\/IMG_3721-768x576.jpg 768w, https:\/\/content.principia.edu\/sites\/prague2023\/files\/2023\/09\/IMG_3721-1536x1152.jpg 1536w, https:\/\/content.principia.edu\/sites\/prague2023\/files\/2023\/09\/IMG_3721-2048x1536.jpg 2048w\" sizes=\"auto, (max-width: 1024px) 100vw, 1024px\" \/><\/figure>\n\n\n\n<figure class=\"wp-block-image size-large\"><img loading=\"lazy\" decoding=\"async\" width=\"1024\" height=\"768\" src=\"https:\/\/content.principia.edu\/sites\/prague2023\/files\/2023\/09\/IMG_3734-1024x768.jpeg\" alt=\"\" class=\"wp-image-536\" srcset=\"https:\/\/content.principia.edu\/sites\/prague2023\/files\/2023\/09\/IMG_3734-1024x768.jpeg 1024w, https:\/\/content.principia.edu\/sites\/prague2023\/files\/2023\/09\/IMG_3734-300x225.jpeg 300w, https:\/\/content.principia.edu\/sites\/prague2023\/files\/2023\/09\/IMG_3734-768x576.jpeg 768w, https:\/\/content.principia.edu\/sites\/prague2023\/files\/2023\/09\/IMG_3734-1536x1152.jpeg 1536w, https:\/\/content.principia.edu\/sites\/prague2023\/files\/2023\/09\/IMG_3734-2048x1536.jpeg 2048w\" sizes=\"auto, (max-width: 1024px) 100vw, 1024px\" \/><\/figure>\n\n\n\n<p>Here is the Romanesque rotunda of St Martin, the largest preserved rotunda in Prague. It was built in the second half of the 11th century.\u00a0<\/p>\n\n\n\n<figure class=\"wp-block-image size-large\"><img loading=\"lazy\" decoding=\"async\" width=\"1024\" height=\"775\" src=\"https:\/\/content.principia.edu\/sites\/prague2023\/files\/2023\/09\/IMG_3736-1024x775.jpeg\" alt=\"\" class=\"wp-image-537\" srcset=\"https:\/\/content.principia.edu\/sites\/prague2023\/files\/2023\/09\/IMG_3736-1024x775.jpeg 1024w, https:\/\/content.principia.edu\/sites\/prague2023\/files\/2023\/09\/IMG_3736-300x227.jpeg 300w, https:\/\/content.principia.edu\/sites\/prague2023\/files\/2023\/09\/IMG_3736-768x581.jpeg 768w, https:\/\/content.principia.edu\/sites\/prague2023\/files\/2023\/09\/IMG_3736-1536x1163.jpeg 1536w, https:\/\/content.principia.edu\/sites\/prague2023\/files\/2023\/09\/IMG_3736-2048x1550.jpeg 2048w\" sizes=\"auto, (max-width: 1024px) 100vw, 1024px\" \/><\/figure>\n\n\n\n<figure class=\"wp-block-image size-large\"><img loading=\"lazy\" decoding=\"async\" width=\"1024\" height=\"768\" src=\"https:\/\/content.principia.edu\/sites\/prague2023\/files\/2023\/09\/IMG_3749-1024x768.jpg\" alt=\"\" class=\"wp-image-538\" srcset=\"https:\/\/content.principia.edu\/sites\/prague2023\/files\/2023\/09\/IMG_3749-1024x768.jpg 1024w, https:\/\/content.principia.edu\/sites\/prague2023\/files\/2023\/09\/IMG_3749-300x225.jpg 300w, https:\/\/content.principia.edu\/sites\/prague2023\/files\/2023\/09\/IMG_3749-768x576.jpg 768w, https:\/\/content.principia.edu\/sites\/prague2023\/files\/2023\/09\/IMG_3749-1536x1152.jpg 1536w, https:\/\/content.principia.edu\/sites\/prague2023\/files\/2023\/09\/IMG_3749-2048x1536.jpg 2048w\" sizes=\"auto, (max-width: 1024px) 100vw, 1024px\" \/><\/figure>\n\n\n\n<figure class=\"wp-block-image size-large\"><img loading=\"lazy\" decoding=\"async\" width=\"1024\" height=\"768\" src=\"https:\/\/content.principia.edu\/sites\/prague2023\/files\/2023\/09\/IMG_3753-1024x768.jpg\" alt=\"\" class=\"wp-image-539\" srcset=\"https:\/\/content.principia.edu\/sites\/prague2023\/files\/2023\/09\/IMG_3753-1024x768.jpg 1024w, https:\/\/content.principia.edu\/sites\/prague2023\/files\/2023\/09\/IMG_3753-300x225.jpg 300w, https:\/\/content.principia.edu\/sites\/prague2023\/files\/2023\/09\/IMG_3753-768x576.jpg 768w, https:\/\/content.principia.edu\/sites\/prague2023\/files\/2023\/09\/IMG_3753-1536x1152.jpg 1536w, https:\/\/content.principia.edu\/sites\/prague2023\/files\/2023\/09\/IMG_3753-2048x1536.jpg 2048w\" sizes=\"auto, (max-width: 1024px) 100vw, 1024px\" \/><\/figure>\n\n\n\n<figure class=\"wp-block-image size-large\"><img loading=\"lazy\" decoding=\"async\" width=\"1024\" height=\"768\" src=\"https:\/\/content.principia.edu\/sites\/prague2023\/files\/2023\/09\/IMG_3755-1024x768.jpg\" alt=\"\" class=\"wp-image-540\" srcset=\"https:\/\/content.principia.edu\/sites\/prague2023\/files\/2023\/09\/IMG_3755-1024x768.jpg 1024w, https:\/\/content.principia.edu\/sites\/prague2023\/files\/2023\/09\/IMG_3755-300x225.jpg 300w, https:\/\/content.principia.edu\/sites\/prague2023\/files\/2023\/09\/IMG_3755-768x576.jpg 768w, https:\/\/content.principia.edu\/sites\/prague2023\/files\/2023\/09\/IMG_3755-1536x1152.jpg 1536w, https:\/\/content.principia.edu\/sites\/prague2023\/files\/2023\/09\/IMG_3755-2048x1536.jpg 2048w\" sizes=\"auto, (max-width: 1024px) 100vw, 1024px\" \/><\/figure>\n\n\n\n<p>And here is the Basilica of St. Peter and St. Paul, a neo-Gothic church in Vy\u0161ehrad fortress. The original Romanesque basilica dates to the 11th Cenury. <\/p>\n\n\n\n<figure class=\"wp-block-image size-large\"><img loading=\"lazy\" decoding=\"async\" width=\"1024\" height=\"768\" src=\"https:\/\/content.principia.edu\/sites\/prague2023\/files\/2023\/09\/IMG_3760-1024x768.jpg\" alt=\"\" class=\"wp-image-541\" srcset=\"https:\/\/content.principia.edu\/sites\/prague2023\/files\/2023\/09\/IMG_3760-1024x768.jpg 1024w, https:\/\/content.principia.edu\/sites\/prague2023\/files\/2023\/09\/IMG_3760-300x225.jpg 300w, https:\/\/content.principia.edu\/sites\/prague2023\/files\/2023\/09\/IMG_3760-768x576.jpg 768w, https:\/\/content.principia.edu\/sites\/prague2023\/files\/2023\/09\/IMG_3760-1536x1152.jpg 1536w, https:\/\/content.principia.edu\/sites\/prague2023\/files\/2023\/09\/IMG_3760-2048x1536.jpg 2048w\" sizes=\"auto, (max-width: 1024px) 100vw, 1024px\" \/><\/figure>\n\n\n\n<figure class=\"wp-block-image size-large\"><img loading=\"lazy\" decoding=\"async\" width=\"1024\" height=\"768\" src=\"https:\/\/content.principia.edu\/sites\/prague2023\/files\/2023\/09\/IMG_3761-1024x768.jpg\" alt=\"\" class=\"wp-image-542\" srcset=\"https:\/\/content.principia.edu\/sites\/prague2023\/files\/2023\/09\/IMG_3761-1024x768.jpg 1024w, https:\/\/content.principia.edu\/sites\/prague2023\/files\/2023\/09\/IMG_3761-300x225.jpg 300w, https:\/\/content.principia.edu\/sites\/prague2023\/files\/2023\/09\/IMG_3761-768x576.jpg 768w, https:\/\/content.principia.edu\/sites\/prague2023\/files\/2023\/09\/IMG_3761-1536x1152.jpg 1536w, https:\/\/content.principia.edu\/sites\/prague2023\/files\/2023\/09\/IMG_3761-2048x1536.jpg 2048w\" sizes=\"auto, (max-width: 1024px) 100vw, 1024px\" \/><\/figure>\n\n\n\n<figure class=\"wp-block-image size-large\"><img loading=\"lazy\" decoding=\"async\" width=\"1024\" height=\"768\" src=\"https:\/\/content.principia.edu\/sites\/prague2023\/files\/2023\/09\/IMG_3769-1024x768.jpeg\" alt=\"\" class=\"wp-image-544\" srcset=\"https:\/\/content.principia.edu\/sites\/prague2023\/files\/2023\/09\/IMG_3769-1024x768.jpeg 1024w, https:\/\/content.principia.edu\/sites\/prague2023\/files\/2023\/09\/IMG_3769-300x225.jpeg 300w, https:\/\/content.principia.edu\/sites\/prague2023\/files\/2023\/09\/IMG_3769-768x576.jpeg 768w, https:\/\/content.principia.edu\/sites\/prague2023\/files\/2023\/09\/IMG_3769-1536x1152.jpeg 1536w, https:\/\/content.principia.edu\/sites\/prague2023\/files\/2023\/09\/IMG_3769-2048x1536.jpeg 2048w\" sizes=\"auto, (max-width: 1024px) 100vw, 1024px\" \/><\/figure>\n\n\n\n<figure class=\"wp-block-image size-large\"><img loading=\"lazy\" decoding=\"async\" width=\"1024\" height=\"768\" src=\"https:\/\/content.principia.edu\/sites\/prague2023\/files\/2023\/09\/IMG_3762-1024x768.jpeg\" alt=\"\" class=\"wp-image-543\" srcset=\"https:\/\/content.principia.edu\/sites\/prague2023\/files\/2023\/09\/IMG_3762-1024x768.jpeg 1024w, https:\/\/content.principia.edu\/sites\/prague2023\/files\/2023\/09\/IMG_3762-300x225.jpeg 300w, https:\/\/content.principia.edu\/sites\/prague2023\/files\/2023\/09\/IMG_3762-768x576.jpeg 768w, https:\/\/content.principia.edu\/sites\/prague2023\/files\/2023\/09\/IMG_3762-1536x1152.jpeg 1536w, https:\/\/content.principia.edu\/sites\/prague2023\/files\/2023\/09\/IMG_3762-2048x1536.jpeg 2048w\" sizes=\"auto, (max-width: 1024px) 100vw, 1024px\" \/><\/figure>\n","protected":false},"excerpt":{"rendered":"<p>The day began with a name day celebration for Dammy&#8217;s adopted name, &#8220;Zlata.&#8221; Then we traveled to the Czech Center for Children&#8217;s Books to hear from publisher and children&#8217;s book writer Emma Pecha\u010dkova. In her lecture, Pecha\u010dkova talked about her life as a writer and publisher of children&#8217;s books in the Czech language. She talked [&hellip;]<\/p>\n","protected":false},"author":46,"featured_media":531,"comment_status":"open","ping_status":"open","sticky":false,"template":"","format":"standard","meta":{"_monsterinsights_skip_tracking":false,"_monsterinsights_sitenote_active":false,"_monsterinsights_sitenote_note":"","_monsterinsights_sitenote_category":0,"ngg_post_thumbnail":0,"footnotes":""},"categories":[1],"tags":[],"class_list":["post-518","post","type-post","status-publish","format-standard","has-post-thumbnail","hentry","category-uncategorized"],"_links":{"self":[{"href":"https:\/\/content.principia.edu\/sites\/prague2023\/wp-json\/wp\/v2\/posts\/518","targetHints":{"allow":["GET"]}}],"collection":[{"href":"https:\/\/content.principia.edu\/sites\/prague2023\/wp-json\/wp\/v2\/posts"}],"about":[{"href":"https:\/\/content.principia.edu\/sites\/prague2023\/wp-json\/wp\/v2\/types\/post"}],"author":[{"embeddable":true,"href":"https:\/\/content.principia.edu\/sites\/prague2023\/wp-json\/wp\/v2\/users\/46"}],"replies":[{"embeddable":true,"href":"https:\/\/content.principia.edu\/sites\/prague2023\/wp-json\/wp\/v2\/comments?post=518"}],"version-history":[{"count":2,"href":"https:\/\/content.principia.edu\/sites\/prague2023\/wp-json\/wp\/v2\/posts\/518\/revisions"}],"predecessor-version":[{"id":547,"href":"https:\/\/content.principia.edu\/sites\/prague2023\/wp-json\/wp\/v2\/posts\/518\/revisions\/547"}],"wp:featuredmedia":[{"embeddable":true,"href":"https:\/\/content.principia.edu\/sites\/prague2023\/wp-json\/wp\/v2\/media\/531"}],"wp:attachment":[{"href":"https:\/\/content.principia.edu\/sites\/prague2023\/wp-json\/wp\/v2\/media?parent=518"}],"wp:term":[{"taxonomy":"category","embeddable":true,"href":"https:\/\/content.principia.edu\/sites\/prague2023\/wp-json\/wp\/v2\/categories?post=518"},{"taxonomy":"post_tag","embeddable":true,"href":"https:\/\/content.principia.edu\/sites\/prague2023\/wp-json\/wp\/v2\/tags?post=518"}],"curies":[{"name":"wp","href":"https:\/\/api.w.org\/{rel}","templated":true}]}}