{"id":481,"date":"2023-09-24T20:04:24","date_gmt":"2023-09-24T20:04:24","guid":{"rendered":"https:\/\/content.principia.edu\/sites\/prague2023\/?p=481"},"modified":"2023-09-24T20:09:40","modified_gmt":"2023-09-24T20:09:40","slug":"architecture-tour-with-kristof-hanslik","status":"publish","type":"post","link":"https:\/\/content.principia.edu\/sites\/prague2023\/2023\/09\/24\/architecture-tour-with-kristof-hanslik\/","title":{"rendered":"Architecture Tour with Kri\u0161tof Hansl\u00edk"},"content":{"rendered":"\n<p>This afternoon we met architect Kri\u0161tof Hansl\u00edk in Old Town Square for an architecture tour of Prague&#8217;s Old Town. The Rococo building to the left is the Kinsky Palace (16th Century CE). The Gothic church behind it is the Church of Our Lady before Tyn (14th Century CE).<\/p>\n\n\n\n<figure class=\"wp-block-image size-large\"><img loading=\"lazy\" decoding=\"async\" width=\"1024\" height=\"768\" src=\"https:\/\/content.principia.edu\/sites\/prague2023\/files\/2023\/09\/IMG_3559-1024x768.jpeg\" alt=\"\" class=\"wp-image-482\" srcset=\"https:\/\/content.principia.edu\/sites\/prague2023\/files\/2023\/09\/IMG_3559-1024x768.jpeg 1024w, https:\/\/content.principia.edu\/sites\/prague2023\/files\/2023\/09\/IMG_3559-300x225.jpeg 300w, https:\/\/content.principia.edu\/sites\/prague2023\/files\/2023\/09\/IMG_3559-768x576.jpeg 768w, https:\/\/content.principia.edu\/sites\/prague2023\/files\/2023\/09\/IMG_3559-1536x1152.jpeg 1536w, https:\/\/content.principia.edu\/sites\/prague2023\/files\/2023\/09\/IMG_3559-2048x1536.jpeg 2048w\" sizes=\"auto, (max-width: 1024px) 100vw, 1024px\" \/><\/figure>\n\n\n\n<p>&#8220;We are going to begin in the past and come to the present,&#8221; Hansl\u00edk told the group. &#8220;Then we will go back to the past.&#8221; <\/p>\n\n\n\n<p>The past began with a map.<\/p>\n\n\n\n<figure class=\"wp-block-image size-large\"><img loading=\"lazy\" decoding=\"async\" width=\"1024\" height=\"768\" src=\"https:\/\/content.principia.edu\/sites\/prague2023\/files\/2023\/09\/IMG_3543-1024x768.jpeg\" alt=\"\" class=\"wp-image-483\" srcset=\"https:\/\/content.principia.edu\/sites\/prague2023\/files\/2023\/09\/IMG_3543-1024x768.jpeg 1024w, https:\/\/content.principia.edu\/sites\/prague2023\/files\/2023\/09\/IMG_3543-300x225.jpeg 300w, https:\/\/content.principia.edu\/sites\/prague2023\/files\/2023\/09\/IMG_3543-768x576.jpeg 768w, https:\/\/content.principia.edu\/sites\/prague2023\/files\/2023\/09\/IMG_3543-1536x1152.jpeg 1536w, https:\/\/content.principia.edu\/sites\/prague2023\/files\/2023\/09\/IMG_3543-2048x1536.jpeg 2048w\" sizes=\"auto, (max-width: 1024px) 100vw, 1024px\" \/><\/figure>\n\n\n\n<p>On the map, Hansl\u00edk pointed out the key geographical features that shaped the locations of the earliest human settlements in Prague in the 11th Century CE: the hill (for the castle) and the river (for transport). At the foot of the hill and across the river there was a marketplace, which evolved into the Old Town Square. <\/p>\n\n\n\n<p>Pictured below is the monument to Jan Hus. Behind Jan Hus is the surviving spire of city hall, famous for its astronomical clock.<\/p>\n\n\n\n<figure class=\"wp-block-image size-large\"><img loading=\"lazy\" decoding=\"async\" width=\"1024\" height=\"768\" src=\"https:\/\/content.principia.edu\/sites\/prague2023\/files\/2023\/09\/IMG_3555-1024x768.jpeg\" alt=\"\" class=\"wp-image-484\" srcset=\"https:\/\/content.principia.edu\/sites\/prague2023\/files\/2023\/09\/IMG_3555-1024x768.jpeg 1024w, https:\/\/content.principia.edu\/sites\/prague2023\/files\/2023\/09\/IMG_3555-300x225.jpeg 300w, https:\/\/content.principia.edu\/sites\/prague2023\/files\/2023\/09\/IMG_3555-768x576.jpeg 768w, https:\/\/content.principia.edu\/sites\/prague2023\/files\/2023\/09\/IMG_3555-1536x1152.jpeg 1536w, https:\/\/content.principia.edu\/sites\/prague2023\/files\/2023\/09\/IMG_3555-2048x1536.jpeg 2048w\" sizes=\"auto, (max-width: 1024px) 100vw, 1024px\" \/><\/figure>\n\n\n\n<figure class=\"wp-block-image size-large\"><img loading=\"lazy\" decoding=\"async\" width=\"1024\" height=\"768\" src=\"https:\/\/content.principia.edu\/sites\/prague2023\/files\/2023\/09\/IMG_3561-1024x768.jpeg\" alt=\"\" class=\"wp-image-485\" srcset=\"https:\/\/content.principia.edu\/sites\/prague2023\/files\/2023\/09\/IMG_3561-1024x768.jpeg 1024w, https:\/\/content.principia.edu\/sites\/prague2023\/files\/2023\/09\/IMG_3561-300x225.jpeg 300w, https:\/\/content.principia.edu\/sites\/prague2023\/files\/2023\/09\/IMG_3561-768x576.jpeg 768w, https:\/\/content.principia.edu\/sites\/prague2023\/files\/2023\/09\/IMG_3561-1536x1152.jpeg 1536w, https:\/\/content.principia.edu\/sites\/prague2023\/files\/2023\/09\/IMG_3561-2048x1536.jpeg 2048w\" sizes=\"auto, (max-width: 1024px) 100vw, 1024px\" \/><\/figure>\n\n\n\n<p>Off in the background behind the statue of Jan Hus is the baroque St. Nicholas&#8217; Church, built by the Hussites in the 12th Century CE to &#8220;show off.&#8221;<\/p>\n\n\n\n<figure class=\"wp-block-image size-large\"><img loading=\"lazy\" decoding=\"async\" width=\"1024\" height=\"768\" src=\"https:\/\/content.principia.edu\/sites\/prague2023\/files\/2023\/09\/IMG_3568-1024x768.jpeg\" alt=\"\" class=\"wp-image-486\" srcset=\"https:\/\/content.principia.edu\/sites\/prague2023\/files\/2023\/09\/IMG_3568-1024x768.jpeg 1024w, https:\/\/content.principia.edu\/sites\/prague2023\/files\/2023\/09\/IMG_3568-300x225.jpeg 300w, https:\/\/content.principia.edu\/sites\/prague2023\/files\/2023\/09\/IMG_3568-768x576.jpeg 768w, https:\/\/content.principia.edu\/sites\/prague2023\/files\/2023\/09\/IMG_3568-1536x1152.jpeg 1536w, https:\/\/content.principia.edu\/sites\/prague2023\/files\/2023\/09\/IMG_3568-2048x1536.jpeg 2048w\" sizes=\"auto, (max-width: 1024px) 100vw, 1024px\" \/><\/figure>\n\n\n\n<p>A short walk east and we come to a smaller square made up of the Klementinum (National Library), the Municipal Library, and the New Town Hall, built by the Jesuits in the 16th Century CE during the Counter Reformation. Pictured below is the Municipal Library.<\/p>\n\n\n\n<figure class=\"wp-block-image size-large\"><img loading=\"lazy\" decoding=\"async\" width=\"1024\" height=\"768\" src=\"https:\/\/content.principia.edu\/sites\/prague2023\/files\/2023\/09\/IMG_3573-1024x768.jpeg\" alt=\"\" class=\"wp-image-487\" srcset=\"https:\/\/content.principia.edu\/sites\/prague2023\/files\/2023\/09\/IMG_3573-1024x768.jpeg 1024w, https:\/\/content.principia.edu\/sites\/prague2023\/files\/2023\/09\/IMG_3573-300x225.jpeg 300w, https:\/\/content.principia.edu\/sites\/prague2023\/files\/2023\/09\/IMG_3573-768x576.jpeg 768w, https:\/\/content.principia.edu\/sites\/prague2023\/files\/2023\/09\/IMG_3573-1536x1152.jpeg 1536w, https:\/\/content.principia.edu\/sites\/prague2023\/files\/2023\/09\/IMG_3573-2048x1536.jpeg 2048w\" sizes=\"auto, (max-width: 1024px) 100vw, 1024px\" \/><\/figure>\n\n\n\n<figure class=\"wp-block-image size-large\"><img loading=\"lazy\" decoding=\"async\" width=\"1024\" height=\"768\" src=\"https:\/\/content.principia.edu\/sites\/prague2023\/files\/2023\/09\/IMG_3581-1024x768.jpeg\" alt=\"\" class=\"wp-image-489\" srcset=\"https:\/\/content.principia.edu\/sites\/prague2023\/files\/2023\/09\/IMG_3581-1024x768.jpeg 1024w, https:\/\/content.principia.edu\/sites\/prague2023\/files\/2023\/09\/IMG_3581-300x225.jpeg 300w, https:\/\/content.principia.edu\/sites\/prague2023\/files\/2023\/09\/IMG_3581-768x576.jpeg 768w, https:\/\/content.principia.edu\/sites\/prague2023\/files\/2023\/09\/IMG_3581-1536x1152.jpeg 1536w, https:\/\/content.principia.edu\/sites\/prague2023\/files\/2023\/09\/IMG_3581-2048x1536.jpeg 2048w\" sizes=\"auto, (max-width: 1024px) 100vw, 1024px\" \/><\/figure>\n\n\n\n<p>And here is the entrance to the Klementinum library and university (not pictured: the gold inside). The Klementinum became one of the earliest centers for astronomical studies in Prague. &#8220;Instead of practicing religion,&#8221; Hansl\u00edk said of the Jesuits, &#8220;they started practicing science.&#8221;<\/p>\n\n\n\n<figure class=\"wp-block-image size-large\"><img loading=\"lazy\" decoding=\"async\" width=\"1024\" height=\"768\" src=\"https:\/\/content.principia.edu\/sites\/prague2023\/files\/2023\/09\/IMG_3575-1024x768.jpeg\" alt=\"\" class=\"wp-image-488\" srcset=\"https:\/\/content.principia.edu\/sites\/prague2023\/files\/2023\/09\/IMG_3575-1024x768.jpeg 1024w, https:\/\/content.principia.edu\/sites\/prague2023\/files\/2023\/09\/IMG_3575-300x225.jpeg 300w, https:\/\/content.principia.edu\/sites\/prague2023\/files\/2023\/09\/IMG_3575-768x576.jpeg 768w, https:\/\/content.principia.edu\/sites\/prague2023\/files\/2023\/09\/IMG_3575-1536x1152.jpeg 1536w, https:\/\/content.principia.edu\/sites\/prague2023\/files\/2023\/09\/IMG_3575-2048x1536.jpeg 2048w\" sizes=\"auto, (max-width: 1024px) 100vw, 1024px\" \/><\/figure>\n\n\n\n<p>From there we walked to the House of the Lords of Kun\u0161t\u00e1t and Pod\u011bbrady to see the underground foundations of a beautifully preserved Romanesque palace (13th Century CE).<\/p>\n\n\n\n<figure class=\"wp-block-image size-large\"><img loading=\"lazy\" decoding=\"async\" width=\"1024\" height=\"768\" src=\"https:\/\/content.principia.edu\/sites\/prague2023\/files\/2023\/09\/IMG_3583-1024x768.jpeg\" alt=\"\" class=\"wp-image-490\" srcset=\"https:\/\/content.principia.edu\/sites\/prague2023\/files\/2023\/09\/IMG_3583-1024x768.jpeg 1024w, https:\/\/content.principia.edu\/sites\/prague2023\/files\/2023\/09\/IMG_3583-300x225.jpeg 300w, https:\/\/content.principia.edu\/sites\/prague2023\/files\/2023\/09\/IMG_3583-768x576.jpeg 768w, https:\/\/content.principia.edu\/sites\/prague2023\/files\/2023\/09\/IMG_3583-1536x1152.jpeg 1536w, https:\/\/content.principia.edu\/sites\/prague2023\/files\/2023\/09\/IMG_3583-2048x1536.jpeg 2048w\" sizes=\"auto, (max-width: 1024px) 100vw, 1024px\" \/><\/figure>\n\n\n\n<figure class=\"wp-block-image size-large\"><img loading=\"lazy\" decoding=\"async\" width=\"1024\" height=\"768\" src=\"https:\/\/content.principia.edu\/sites\/prague2023\/files\/2023\/09\/IMG_3585-1024x768.jpeg\" alt=\"\" class=\"wp-image-491\" srcset=\"https:\/\/content.principia.edu\/sites\/prague2023\/files\/2023\/09\/IMG_3585-1024x768.jpeg 1024w, https:\/\/content.principia.edu\/sites\/prague2023\/files\/2023\/09\/IMG_3585-300x225.jpeg 300w, https:\/\/content.principia.edu\/sites\/prague2023\/files\/2023\/09\/IMG_3585-768x576.jpeg 768w, https:\/\/content.principia.edu\/sites\/prague2023\/files\/2023\/09\/IMG_3585-1536x1152.jpeg 1536w, https:\/\/content.principia.edu\/sites\/prague2023\/files\/2023\/09\/IMG_3585-2048x1536.jpeg 2048w\" sizes=\"auto, (max-width: 1024px) 100vw, 1024px\" \/><\/figure>\n\n\n\n<figure class=\"wp-block-image size-large\"><img loading=\"lazy\" decoding=\"async\" width=\"1024\" height=\"768\" src=\"https:\/\/content.principia.edu\/sites\/prague2023\/files\/2023\/09\/IMG_3588-1024x768.jpeg\" alt=\"\" class=\"wp-image-492\" srcset=\"https:\/\/content.principia.edu\/sites\/prague2023\/files\/2023\/09\/IMG_3588-1024x768.jpeg 1024w, https:\/\/content.principia.edu\/sites\/prague2023\/files\/2023\/09\/IMG_3588-300x225.jpeg 300w, https:\/\/content.principia.edu\/sites\/prague2023\/files\/2023\/09\/IMG_3588-768x576.jpeg 768w, https:\/\/content.principia.edu\/sites\/prague2023\/files\/2023\/09\/IMG_3588-1536x1152.jpeg 1536w, https:\/\/content.principia.edu\/sites\/prague2023\/files\/2023\/09\/IMG_3588-2048x1536.jpeg 2048w\" sizes=\"auto, (max-width: 1024px) 100vw, 1024px\" \/><\/figure>\n\n\n\n<p>From there, we walked to the Bethlehem Chapel, where Jan Hus preached and initiated the Bohemian Reformation (preceding Protestantism). Built in the 14th Century CE and restored in the 19th Century.<\/p>\n\n\n\n<figure class=\"wp-block-image size-large\"><img loading=\"lazy\" decoding=\"async\" width=\"1024\" height=\"768\" src=\"https:\/\/content.principia.edu\/sites\/prague2023\/files\/2023\/09\/IMG_3592-1024x768.jpeg\" alt=\"\" class=\"wp-image-493\" srcset=\"https:\/\/content.principia.edu\/sites\/prague2023\/files\/2023\/09\/IMG_3592-1024x768.jpeg 1024w, https:\/\/content.principia.edu\/sites\/prague2023\/files\/2023\/09\/IMG_3592-300x225.jpeg 300w, https:\/\/content.principia.edu\/sites\/prague2023\/files\/2023\/09\/IMG_3592-768x576.jpeg 768w, https:\/\/content.principia.edu\/sites\/prague2023\/files\/2023\/09\/IMG_3592-1536x1152.jpeg 1536w, https:\/\/content.principia.edu\/sites\/prague2023\/files\/2023\/09\/IMG_3592-2048x1536.jpeg 2048w\" sizes=\"auto, (max-width: 1024px) 100vw, 1024px\" \/><\/figure>\n\n\n\n<figure class=\"wp-block-image size-large\"><img loading=\"lazy\" decoding=\"async\" width=\"1024\" height=\"768\" src=\"https:\/\/content.principia.edu\/sites\/prague2023\/files\/2023\/09\/IMG_3593-1024x768.jpeg\" alt=\"\" class=\"wp-image-494\" srcset=\"https:\/\/content.principia.edu\/sites\/prague2023\/files\/2023\/09\/IMG_3593-1024x768.jpeg 1024w, https:\/\/content.principia.edu\/sites\/prague2023\/files\/2023\/09\/IMG_3593-300x225.jpeg 300w, https:\/\/content.principia.edu\/sites\/prague2023\/files\/2023\/09\/IMG_3593-768x576.jpeg 768w, https:\/\/content.principia.edu\/sites\/prague2023\/files\/2023\/09\/IMG_3593-1536x1152.jpeg 1536w, https:\/\/content.principia.edu\/sites\/prague2023\/files\/2023\/09\/IMG_3593-2048x1536.jpeg 2048w\" sizes=\"auto, (max-width: 1024px) 100vw, 1024px\" \/><\/figure>\n\n\n\n<p>Next up: the Rotunda of the Finding of the Holy Cross, a Romanesque church from the 12th Century, one of the earliest buildings in Prague.<\/p>\n\n\n\n<figure class=\"wp-block-image size-large\"><img loading=\"lazy\" decoding=\"async\" width=\"1024\" height=\"768\" src=\"https:\/\/content.principia.edu\/sites\/prague2023\/files\/2023\/09\/IMG_3598-1024x768.jpeg\" alt=\"\" class=\"wp-image-495\" srcset=\"https:\/\/content.principia.edu\/sites\/prague2023\/files\/2023\/09\/IMG_3598-1024x768.jpeg 1024w, https:\/\/content.principia.edu\/sites\/prague2023\/files\/2023\/09\/IMG_3598-300x225.jpeg 300w, https:\/\/content.principia.edu\/sites\/prague2023\/files\/2023\/09\/IMG_3598-768x576.jpeg 768w, https:\/\/content.principia.edu\/sites\/prague2023\/files\/2023\/09\/IMG_3598-1536x1152.jpeg 1536w, https:\/\/content.principia.edu\/sites\/prague2023\/files\/2023\/09\/IMG_3598-2048x1536.jpeg 2048w\" sizes=\"auto, (max-width: 1024px) 100vw, 1024px\" \/><\/figure>\n\n\n\n<p>From there we walked to the river to look at the castle complex. The earliest buildings of Prague Castle date back to the 9th Century CE. Since then, successive rulers have added buildings, layers, and extensions, resulting in an ever-changing castle that blends the styles of Gothic, Renaissance, Romanesque, and baroque architecture.<\/p>\n\n\n\n<figure class=\"wp-block-image size-large\"><img loading=\"lazy\" decoding=\"async\" width=\"1024\" height=\"768\" src=\"https:\/\/content.principia.edu\/sites\/prague2023\/files\/2023\/09\/IMG_3601-1024x768.jpeg\" alt=\"\" class=\"wp-image-496\" srcset=\"https:\/\/content.principia.edu\/sites\/prague2023\/files\/2023\/09\/IMG_3601-1024x768.jpeg 1024w, https:\/\/content.principia.edu\/sites\/prague2023\/files\/2023\/09\/IMG_3601-300x225.jpeg 300w, https:\/\/content.principia.edu\/sites\/prague2023\/files\/2023\/09\/IMG_3601-768x576.jpeg 768w, https:\/\/content.principia.edu\/sites\/prague2023\/files\/2023\/09\/IMG_3601-1536x1152.jpeg 1536w, https:\/\/content.principia.edu\/sites\/prague2023\/files\/2023\/09\/IMG_3601-2048x1536.jpeg 2048w\" sizes=\"auto, (max-width: 1024px) 100vw, 1024px\" \/><\/figure>\n\n\n\n<figure class=\"wp-block-image size-large\"><img loading=\"lazy\" decoding=\"async\" width=\"1024\" height=\"768\" src=\"https:\/\/content.principia.edu\/sites\/prague2023\/files\/2023\/09\/IMG_3607-1024x768.jpeg\" alt=\"\" class=\"wp-image-497\" srcset=\"https:\/\/content.principia.edu\/sites\/prague2023\/files\/2023\/09\/IMG_3607-1024x768.jpeg 1024w, https:\/\/content.principia.edu\/sites\/prague2023\/files\/2023\/09\/IMG_3607-300x225.jpeg 300w, https:\/\/content.principia.edu\/sites\/prague2023\/files\/2023\/09\/IMG_3607-768x576.jpeg 768w, https:\/\/content.principia.edu\/sites\/prague2023\/files\/2023\/09\/IMG_3607-1536x1152.jpeg 1536w, https:\/\/content.principia.edu\/sites\/prague2023\/files\/2023\/09\/IMG_3607-2048x1536.jpeg 2048w\" sizes=\"auto, (max-width: 1024px) 100vw, 1024px\" \/><\/figure>\n\n\n\n<figure class=\"wp-block-image size-large\"><img loading=\"lazy\" decoding=\"async\" width=\"1024\" height=\"768\" src=\"https:\/\/content.principia.edu\/sites\/prague2023\/files\/2023\/09\/IMG_3616-1024x768.jpeg\" alt=\"\" class=\"wp-image-498\" srcset=\"https:\/\/content.principia.edu\/sites\/prague2023\/files\/2023\/09\/IMG_3616-1024x768.jpeg 1024w, https:\/\/content.principia.edu\/sites\/prague2023\/files\/2023\/09\/IMG_3616-300x225.jpeg 300w, https:\/\/content.principia.edu\/sites\/prague2023\/files\/2023\/09\/IMG_3616-768x576.jpeg 768w, https:\/\/content.principia.edu\/sites\/prague2023\/files\/2023\/09\/IMG_3616-1536x1152.jpeg 1536w, https:\/\/content.principia.edu\/sites\/prague2023\/files\/2023\/09\/IMG_3616-2048x1536.jpeg 2048w\" sizes=\"auto, (max-width: 1024px) 100vw, 1024px\" \/><\/figure>\n\n\n\n<figure class=\"wp-block-image size-large\"><img loading=\"lazy\" decoding=\"async\" width=\"1024\" height=\"768\" src=\"https:\/\/content.principia.edu\/sites\/prague2023\/files\/2023\/09\/IMG_3618-1024x768.jpeg\" alt=\"\" class=\"wp-image-499\" srcset=\"https:\/\/content.principia.edu\/sites\/prague2023\/files\/2023\/09\/IMG_3618-1024x768.jpeg 1024w, https:\/\/content.principia.edu\/sites\/prague2023\/files\/2023\/09\/IMG_3618-300x225.jpeg 300w, https:\/\/content.principia.edu\/sites\/prague2023\/files\/2023\/09\/IMG_3618-768x576.jpeg 768w, https:\/\/content.principia.edu\/sites\/prague2023\/files\/2023\/09\/IMG_3618-1536x1152.jpeg 1536w, https:\/\/content.principia.edu\/sites\/prague2023\/files\/2023\/09\/IMG_3618-2048x1536.jpeg 2048w\" sizes=\"auto, (max-width: 1024px) 100vw, 1024px\" \/><\/figure>\n\n\n\n<p>Next, we walked to the National Theater, built in the 19th Century in a Neo-Renaissance style.<\/p>\n\n\n\n<figure class=\"wp-block-image size-large\"><img loading=\"lazy\" decoding=\"async\" width=\"1024\" height=\"768\" src=\"https:\/\/content.principia.edu\/sites\/prague2023\/files\/2023\/09\/IMG_3621-1024x768.jpeg\" alt=\"\" class=\"wp-image-500\" srcset=\"https:\/\/content.principia.edu\/sites\/prague2023\/files\/2023\/09\/IMG_3621-1024x768.jpeg 1024w, https:\/\/content.principia.edu\/sites\/prague2023\/files\/2023\/09\/IMG_3621-300x225.jpeg 300w, https:\/\/content.principia.edu\/sites\/prague2023\/files\/2023\/09\/IMG_3621-768x576.jpeg 768w, https:\/\/content.principia.edu\/sites\/prague2023\/files\/2023\/09\/IMG_3621-1536x1152.jpeg 1536w, https:\/\/content.principia.edu\/sites\/prague2023\/files\/2023\/09\/IMG_3621-2048x1536.jpeg 2048w\" sizes=\"auto, (max-width: 1024px) 100vw, 1024px\" \/><\/figure>\n\n\n\n<figure class=\"wp-block-image size-large\"><img loading=\"lazy\" decoding=\"async\" width=\"1024\" height=\"768\" src=\"https:\/\/content.principia.edu\/sites\/prague2023\/files\/2023\/09\/IMG_3622-1024x768.jpeg\" alt=\"\" class=\"wp-image-501\" srcset=\"https:\/\/content.principia.edu\/sites\/prague2023\/files\/2023\/09\/IMG_3622-1024x768.jpeg 1024w, https:\/\/content.principia.edu\/sites\/prague2023\/files\/2023\/09\/IMG_3622-300x225.jpeg 300w, https:\/\/content.principia.edu\/sites\/prague2023\/files\/2023\/09\/IMG_3622-768x576.jpeg 768w, https:\/\/content.principia.edu\/sites\/prague2023\/files\/2023\/09\/IMG_3622-1536x1152.jpeg 1536w, https:\/\/content.principia.edu\/sites\/prague2023\/files\/2023\/09\/IMG_3622-2048x1536.jpeg 2048w\" sizes=\"auto, (max-width: 1024px) 100vw, 1024px\" \/><\/figure>\n\n\n\n<p>Here, the new stage of the National Theatre, built in the 80s. <\/p>\n\n\n\n<figure class=\"wp-block-image size-large\"><img loading=\"lazy\" decoding=\"async\" width=\"1024\" height=\"768\" src=\"https:\/\/content.principia.edu\/sites\/prague2023\/files\/2023\/09\/IMG_3626-1024x768.jpeg\" alt=\"\" class=\"wp-image-502\" srcset=\"https:\/\/content.principia.edu\/sites\/prague2023\/files\/2023\/09\/IMG_3626-1024x768.jpeg 1024w, https:\/\/content.principia.edu\/sites\/prague2023\/files\/2023\/09\/IMG_3626-300x225.jpeg 300w, https:\/\/content.principia.edu\/sites\/prague2023\/files\/2023\/09\/IMG_3626-768x576.jpeg 768w, https:\/\/content.principia.edu\/sites\/prague2023\/files\/2023\/09\/IMG_3626-1536x1152.jpeg 1536w, https:\/\/content.principia.edu\/sites\/prague2023\/files\/2023\/09\/IMG_3626-2048x1536.jpeg 2048w\" sizes=\"auto, (max-width: 1024px) 100vw, 1024px\" \/><\/figure>\n\n\n\n<figure class=\"wp-block-image size-large\"><img loading=\"lazy\" decoding=\"async\" width=\"1024\" height=\"768\" src=\"https:\/\/content.principia.edu\/sites\/prague2023\/files\/2023\/09\/IMG_3632-1024x768.jpeg\" alt=\"\" class=\"wp-image-504\" srcset=\"https:\/\/content.principia.edu\/sites\/prague2023\/files\/2023\/09\/IMG_3632-1024x768.jpeg 1024w, https:\/\/content.principia.edu\/sites\/prague2023\/files\/2023\/09\/IMG_3632-300x225.jpeg 300w, https:\/\/content.principia.edu\/sites\/prague2023\/files\/2023\/09\/IMG_3632-768x576.jpeg 768w, https:\/\/content.principia.edu\/sites\/prague2023\/files\/2023\/09\/IMG_3632-1536x1152.jpeg 1536w, https:\/\/content.principia.edu\/sites\/prague2023\/files\/2023\/09\/IMG_3632-2048x1536.jpeg 2048w\" sizes=\"auto, (max-width: 1024px) 100vw, 1024px\" \/><\/figure>\n\n\n\n<p>On National Street, outside the National Theater, we observed some of Prague&#8217;s famous Cubist buildings.<\/p>\n\n\n\n<figure class=\"wp-block-image size-large\"><img loading=\"lazy\" decoding=\"async\" width=\"1024\" height=\"768\" src=\"https:\/\/content.principia.edu\/sites\/prague2023\/files\/2023\/09\/IMG_3640-1024x768.jpeg\" alt=\"\" class=\"wp-image-505\" srcset=\"https:\/\/content.principia.edu\/sites\/prague2023\/files\/2023\/09\/IMG_3640-1024x768.jpeg 1024w, https:\/\/content.principia.edu\/sites\/prague2023\/files\/2023\/09\/IMG_3640-300x225.jpeg 300w, https:\/\/content.principia.edu\/sites\/prague2023\/files\/2023\/09\/IMG_3640-768x576.jpeg 768w, https:\/\/content.principia.edu\/sites\/prague2023\/files\/2023\/09\/IMG_3640-1536x1152.jpeg 1536w, https:\/\/content.principia.edu\/sites\/prague2023\/files\/2023\/09\/IMG_3640-2048x1536.jpeg 2048w\" sizes=\"auto, (max-width: 1024px) 100vw, 1024px\" \/><\/figure>\n\n\n\n<p>Our last stop was the rooftop of the new Center for Technology.<\/p>\n\n\n\n<figure class=\"wp-block-image size-large\"><img loading=\"lazy\" decoding=\"async\" width=\"1024\" height=\"768\" src=\"https:\/\/content.principia.edu\/sites\/prague2023\/files\/2023\/09\/IMG_3642-1024x768.jpeg\" alt=\"\" class=\"wp-image-506\" srcset=\"https:\/\/content.principia.edu\/sites\/prague2023\/files\/2023\/09\/IMG_3642-1024x768.jpeg 1024w, https:\/\/content.principia.edu\/sites\/prague2023\/files\/2023\/09\/IMG_3642-300x225.jpeg 300w, https:\/\/content.principia.edu\/sites\/prague2023\/files\/2023\/09\/IMG_3642-768x576.jpeg 768w, https:\/\/content.principia.edu\/sites\/prague2023\/files\/2023\/09\/IMG_3642-1536x1152.jpeg 1536w, https:\/\/content.principia.edu\/sites\/prague2023\/files\/2023\/09\/IMG_3642-2048x1536.jpeg 2048w\" sizes=\"auto, (max-width: 1024px) 100vw, 1024px\" \/><\/figure>\n\n\n\n<figure class=\"wp-block-image size-large\"><img loading=\"lazy\" decoding=\"async\" width=\"1024\" height=\"768\" src=\"https:\/\/content.principia.edu\/sites\/prague2023\/files\/2023\/09\/IMG_3648-1024x768.jpeg\" alt=\"\" class=\"wp-image-507\" srcset=\"https:\/\/content.principia.edu\/sites\/prague2023\/files\/2023\/09\/IMG_3648-1024x768.jpeg 1024w, https:\/\/content.principia.edu\/sites\/prague2023\/files\/2023\/09\/IMG_3648-300x225.jpeg 300w, https:\/\/content.principia.edu\/sites\/prague2023\/files\/2023\/09\/IMG_3648-768x576.jpeg 768w, https:\/\/content.principia.edu\/sites\/prague2023\/files\/2023\/09\/IMG_3648-1536x1152.jpeg 1536w, https:\/\/content.principia.edu\/sites\/prague2023\/files\/2023\/09\/IMG_3648-2048x1536.jpeg 2048w\" sizes=\"auto, (max-width: 1024px) 100vw, 1024px\" \/><\/figure>\n\n\n\n<figure class=\"wp-block-image size-large\"><img loading=\"lazy\" decoding=\"async\" width=\"1024\" height=\"768\" src=\"https:\/\/content.principia.edu\/sites\/prague2023\/files\/2023\/09\/IMG_3651-1-1024x768.jpeg\" alt=\"\" class=\"wp-image-508\" srcset=\"https:\/\/content.principia.edu\/sites\/prague2023\/files\/2023\/09\/IMG_3651-1-1024x768.jpeg 1024w, https:\/\/content.principia.edu\/sites\/prague2023\/files\/2023\/09\/IMG_3651-1-300x225.jpeg 300w, https:\/\/content.principia.edu\/sites\/prague2023\/files\/2023\/09\/IMG_3651-1-768x576.jpeg 768w, https:\/\/content.principia.edu\/sites\/prague2023\/files\/2023\/09\/IMG_3651-1-1536x1152.jpeg 1536w, https:\/\/content.principia.edu\/sites\/prague2023\/files\/2023\/09\/IMG_3651-1-2048x1536.jpeg 2048w\" sizes=\"auto, (max-width: 1024px) 100vw, 1024px\" \/><\/figure>\n\n\n\n<figure class=\"wp-block-image size-large\"><img loading=\"lazy\" decoding=\"async\" width=\"1024\" height=\"768\" src=\"https:\/\/content.principia.edu\/sites\/prague2023\/files\/2023\/09\/IMG_3656-1024x768.jpeg\" alt=\"\" class=\"wp-image-509\" srcset=\"https:\/\/content.principia.edu\/sites\/prague2023\/files\/2023\/09\/IMG_3656-1024x768.jpeg 1024w, https:\/\/content.principia.edu\/sites\/prague2023\/files\/2023\/09\/IMG_3656-300x225.jpeg 300w, https:\/\/content.principia.edu\/sites\/prague2023\/files\/2023\/09\/IMG_3656-768x576.jpeg 768w, https:\/\/content.principia.edu\/sites\/prague2023\/files\/2023\/09\/IMG_3656-1536x1152.jpeg 1536w, https:\/\/content.principia.edu\/sites\/prague2023\/files\/2023\/09\/IMG_3656-2048x1536.jpeg 2048w\" sizes=\"auto, (max-width: 1024px) 100vw, 1024px\" \/><\/figure>\n\n\n\n<p>Then, dinner at Cafe Louvre, famous hangout for the likes of Franz Kafka, Karel \u010capek, Albert Einstein, and others.<\/p>\n\n\n\n<figure class=\"wp-block-image size-large\"><img loading=\"lazy\" decoding=\"async\" width=\"1024\" height=\"768\" src=\"https:\/\/content.principia.edu\/sites\/prague2023\/files\/2023\/09\/IMG_3660-1024x768.jpeg\" alt=\"\" class=\"wp-image-510\" srcset=\"https:\/\/content.principia.edu\/sites\/prague2023\/files\/2023\/09\/IMG_3660-1024x768.jpeg 1024w, https:\/\/content.principia.edu\/sites\/prague2023\/files\/2023\/09\/IMG_3660-300x225.jpeg 300w, https:\/\/content.principia.edu\/sites\/prague2023\/files\/2023\/09\/IMG_3660-768x576.jpeg 768w, https:\/\/content.principia.edu\/sites\/prague2023\/files\/2023\/09\/IMG_3660-1536x1152.jpeg 1536w, https:\/\/content.principia.edu\/sites\/prague2023\/files\/2023\/09\/IMG_3660-2048x1536.jpeg 2048w\" sizes=\"auto, (max-width: 1024px) 100vw, 1024px\" \/><\/figure>\n\n\n\n<figure class=\"wp-block-image size-large\"><img loading=\"lazy\" decoding=\"async\" width=\"1024\" height=\"768\" src=\"https:\/\/content.principia.edu\/sites\/prague2023\/files\/2023\/09\/IMG_3662-1024x768.jpeg\" alt=\"\" class=\"wp-image-511\" srcset=\"https:\/\/content.principia.edu\/sites\/prague2023\/files\/2023\/09\/IMG_3662-1024x768.jpeg 1024w, https:\/\/content.principia.edu\/sites\/prague2023\/files\/2023\/09\/IMG_3662-300x225.jpeg 300w, https:\/\/content.principia.edu\/sites\/prague2023\/files\/2023\/09\/IMG_3662-768x576.jpeg 768w, https:\/\/content.principia.edu\/sites\/prague2023\/files\/2023\/09\/IMG_3662-1536x1152.jpeg 1536w, https:\/\/content.principia.edu\/sites\/prague2023\/files\/2023\/09\/IMG_3662-2048x1536.jpeg 2048w\" sizes=\"auto, (max-width: 1024px) 100vw, 1024px\" \/><\/figure>\n","protected":false},"excerpt":{"rendered":"<p>This afternoon we met architect Kri\u0161tof Hansl\u00edk in Old Town Square for an architecture tour of Prague&#8217;s Old Town. The Rococo building to the left is the Kinsky Palace (16th Century CE). The Gothic church behind it is the Church of Our Lady before Tyn (14th Century CE). &#8220;We are going to begin in the [&hellip;]<\/p>\n","protected":false},"author":46,"featured_media":497,"comment_status":"open","ping_status":"open","sticky":false,"template":"","format":"standard","meta":{"_monsterinsights_skip_tracking":false,"_monsterinsights_sitenote_active":false,"_monsterinsights_sitenote_note":"","_monsterinsights_sitenote_category":0,"ngg_post_thumbnail":0,"footnotes":""},"categories":[1],"tags":[],"class_list":["post-481","post","type-post","status-publish","format-standard","has-post-thumbnail","hentry","category-uncategorized"],"_links":{"self":[{"href":"https:\/\/content.principia.edu\/sites\/prague2023\/wp-json\/wp\/v2\/posts\/481","targetHints":{"allow":["GET"]}}],"collection":[{"href":"https:\/\/content.principia.edu\/sites\/prague2023\/wp-json\/wp\/v2\/posts"}],"about":[{"href":"https:\/\/content.principia.edu\/sites\/prague2023\/wp-json\/wp\/v2\/types\/post"}],"author":[{"embeddable":true,"href":"https:\/\/content.principia.edu\/sites\/prague2023\/wp-json\/wp\/v2\/users\/46"}],"replies":[{"embeddable":true,"href":"https:\/\/content.principia.edu\/sites\/prague2023\/wp-json\/wp\/v2\/comments?post=481"}],"version-history":[{"count":5,"href":"https:\/\/content.principia.edu\/sites\/prague2023\/wp-json\/wp\/v2\/posts\/481\/revisions"}],"predecessor-version":[{"id":517,"href":"https:\/\/content.principia.edu\/sites\/prague2023\/wp-json\/wp\/v2\/posts\/481\/revisions\/517"}],"wp:featuredmedia":[{"embeddable":true,"href":"https:\/\/content.principia.edu\/sites\/prague2023\/wp-json\/wp\/v2\/media\/497"}],"wp:attachment":[{"href":"https:\/\/content.principia.edu\/sites\/prague2023\/wp-json\/wp\/v2\/media?parent=481"}],"wp:term":[{"taxonomy":"category","embeddable":true,"href":"https:\/\/content.principia.edu\/sites\/prague2023\/wp-json\/wp\/v2\/categories?post=481"},{"taxonomy":"post_tag","embeddable":true,"href":"https:\/\/content.principia.edu\/sites\/prague2023\/wp-json\/wp\/v2\/tags?post=481"}],"curies":[{"name":"wp","href":"https:\/\/api.w.org\/{rel}","templated":true}]}}