{"id":334,"date":"2023-09-17T20:46:53","date_gmt":"2023-09-17T20:46:53","guid":{"rendered":"https:\/\/content.principia.edu\/sites\/prague2023\/?p=334"},"modified":"2023-09-17T20:46:54","modified_gmt":"2023-09-17T20:46:54","slug":"petrin-lookout-tower","status":"publish","type":"post","link":"https:\/\/content.principia.edu\/sites\/prague2023\/2023\/09\/17\/petrin-lookout-tower\/","title":{"rendered":"Pet\u0159\u00edn Lookout Tower"},"content":{"rendered":"\n<p>This afternoon, we walked from Old Town to Malostransk\u00e1 and caught the tram to \u00dajezd. In \u00dajezd we took the funicular to Pet\u0159\u00edn Tower on Pet\u0159\u00edn Hill.<\/p>\n\n\n\n<figure class=\"wp-block-image size-large\"><img loading=\"lazy\" decoding=\"async\" width=\"1024\" height=\"768\" src=\"https:\/\/content.principia.edu\/sites\/prague2023\/files\/2023\/09\/IMG_3224-1024x768.jpeg\" alt=\"\" class=\"wp-image-335\" srcset=\"https:\/\/content.principia.edu\/sites\/prague2023\/files\/2023\/09\/IMG_3224-1024x768.jpeg 1024w, https:\/\/content.principia.edu\/sites\/prague2023\/files\/2023\/09\/IMG_3224-300x225.jpeg 300w, https:\/\/content.principia.edu\/sites\/prague2023\/files\/2023\/09\/IMG_3224-768x576.jpeg 768w, https:\/\/content.principia.edu\/sites\/prague2023\/files\/2023\/09\/IMG_3224-1536x1152.jpeg 1536w, https:\/\/content.principia.edu\/sites\/prague2023\/files\/2023\/09\/IMG_3224-2048x1536.jpeg 2048w\" sizes=\"auto, (max-width: 1024px) 100vw, 1024px\" \/><\/figure>\n\n\n\n<figure class=\"wp-block-image size-large\"><img loading=\"lazy\" decoding=\"async\" width=\"1024\" height=\"768\" src=\"https:\/\/content.principia.edu\/sites\/prague2023\/files\/2023\/09\/IMG_3228-1024x768.jpeg\" alt=\"\" class=\"wp-image-336\" srcset=\"https:\/\/content.principia.edu\/sites\/prague2023\/files\/2023\/09\/IMG_3228-1024x768.jpeg 1024w, https:\/\/content.principia.edu\/sites\/prague2023\/files\/2023\/09\/IMG_3228-300x225.jpeg 300w, https:\/\/content.principia.edu\/sites\/prague2023\/files\/2023\/09\/IMG_3228-768x576.jpeg 768w, https:\/\/content.principia.edu\/sites\/prague2023\/files\/2023\/09\/IMG_3228-1536x1152.jpeg 1536w, https:\/\/content.principia.edu\/sites\/prague2023\/files\/2023\/09\/IMG_3228-2048x1536.jpeg 2048w\" sizes=\"auto, (max-width: 1024px) 100vw, 1024px\" \/><\/figure>\n\n\n\n<figure class=\"wp-block-image size-large\"><img loading=\"lazy\" decoding=\"async\" width=\"1024\" height=\"768\" src=\"https:\/\/content.principia.edu\/sites\/prague2023\/files\/2023\/09\/IMG_3229-1024x768.jpeg\" alt=\"\" class=\"wp-image-337\" srcset=\"https:\/\/content.principia.edu\/sites\/prague2023\/files\/2023\/09\/IMG_3229-1024x768.jpeg 1024w, https:\/\/content.principia.edu\/sites\/prague2023\/files\/2023\/09\/IMG_3229-300x225.jpeg 300w, https:\/\/content.principia.edu\/sites\/prague2023\/files\/2023\/09\/IMG_3229-768x576.jpeg 768w, https:\/\/content.principia.edu\/sites\/prague2023\/files\/2023\/09\/IMG_3229-1536x1152.jpeg 1536w, https:\/\/content.principia.edu\/sites\/prague2023\/files\/2023\/09\/IMG_3229-2048x1536.jpeg 2048w\" sizes=\"auto, (max-width: 1024px) 100vw, 1024px\" \/><\/figure>\n\n\n\n<p>Lining up for the funicular up Pet\u0159\u00edn Hill.<\/p>\n\n\n\n<figure class=\"wp-block-image size-large\"><img loading=\"lazy\" decoding=\"async\" width=\"1024\" height=\"768\" src=\"https:\/\/content.principia.edu\/sites\/prague2023\/files\/2023\/09\/IMG_3231-1024x768.jpeg\" alt=\"\" class=\"wp-image-338\" srcset=\"https:\/\/content.principia.edu\/sites\/prague2023\/files\/2023\/09\/IMG_3231-1024x768.jpeg 1024w, https:\/\/content.principia.edu\/sites\/prague2023\/files\/2023\/09\/IMG_3231-300x225.jpeg 300w, https:\/\/content.principia.edu\/sites\/prague2023\/files\/2023\/09\/IMG_3231-768x576.jpeg 768w, https:\/\/content.principia.edu\/sites\/prague2023\/files\/2023\/09\/IMG_3231-1536x1152.jpeg 1536w, https:\/\/content.principia.edu\/sites\/prague2023\/files\/2023\/09\/IMG_3231-2048x1536.jpeg 2048w\" sizes=\"auto, (max-width: 1024px) 100vw, 1024px\" \/><\/figure>\n\n\n\n<figure class=\"wp-block-image size-large\"><img loading=\"lazy\" decoding=\"async\" width=\"1024\" height=\"768\" src=\"https:\/\/content.principia.edu\/sites\/prague2023\/files\/2023\/09\/IMG_3232-1024x768.jpeg\" alt=\"\" class=\"wp-image-339\" srcset=\"https:\/\/content.principia.edu\/sites\/prague2023\/files\/2023\/09\/IMG_3232-1024x768.jpeg 1024w, https:\/\/content.principia.edu\/sites\/prague2023\/files\/2023\/09\/IMG_3232-300x225.jpeg 300w, https:\/\/content.principia.edu\/sites\/prague2023\/files\/2023\/09\/IMG_3232-768x576.jpeg 768w, https:\/\/content.principia.edu\/sites\/prague2023\/files\/2023\/09\/IMG_3232-1536x1152.jpeg 1536w, https:\/\/content.principia.edu\/sites\/prague2023\/files\/2023\/09\/IMG_3232-2048x1536.jpeg 2048w\" sizes=\"auto, (max-width: 1024px) 100vw, 1024px\" \/><\/figure>\n\n\n\n<figure class=\"wp-block-image size-large\"><img loading=\"lazy\" decoding=\"async\" width=\"1024\" height=\"768\" src=\"https:\/\/content.principia.edu\/sites\/prague2023\/files\/2023\/09\/IMG_3237-1024x768.jpeg\" alt=\"\" class=\"wp-image-340\" srcset=\"https:\/\/content.principia.edu\/sites\/prague2023\/files\/2023\/09\/IMG_3237-1024x768.jpeg 1024w, https:\/\/content.principia.edu\/sites\/prague2023\/files\/2023\/09\/IMG_3237-300x225.jpeg 300w, https:\/\/content.principia.edu\/sites\/prague2023\/files\/2023\/09\/IMG_3237-768x576.jpeg 768w, https:\/\/content.principia.edu\/sites\/prague2023\/files\/2023\/09\/IMG_3237-1536x1152.jpeg 1536w, https:\/\/content.principia.edu\/sites\/prague2023\/files\/2023\/09\/IMG_3237-2048x1536.jpeg 2048w\" sizes=\"auto, (max-width: 1024px) 100vw, 1024px\" \/><\/figure>\n\n\n\n<p>Approaching Pet\u0159\u00edn Tower, a loose descendent of the Eiffel Tower.<\/p>\n\n\n\n<figure class=\"wp-block-image size-large\"><img loading=\"lazy\" decoding=\"async\" width=\"1024\" height=\"768\" src=\"https:\/\/content.principia.edu\/sites\/prague2023\/files\/2023\/09\/IMG_3244-1024x768.jpeg\" alt=\"\" class=\"wp-image-341\" srcset=\"https:\/\/content.principia.edu\/sites\/prague2023\/files\/2023\/09\/IMG_3244-1024x768.jpeg 1024w, https:\/\/content.principia.edu\/sites\/prague2023\/files\/2023\/09\/IMG_3244-300x225.jpeg 300w, https:\/\/content.principia.edu\/sites\/prague2023\/files\/2023\/09\/IMG_3244-768x576.jpeg 768w, https:\/\/content.principia.edu\/sites\/prague2023\/files\/2023\/09\/IMG_3244-1536x1152.jpeg 1536w, https:\/\/content.principia.edu\/sites\/prague2023\/files\/2023\/09\/IMG_3244-2048x1536.jpeg 2048w\" sizes=\"auto, (max-width: 1024px) 100vw, 1024px\" \/><\/figure>\n\n\n\n<figure class=\"wp-block-image size-large\"><img loading=\"lazy\" decoding=\"async\" width=\"1024\" height=\"768\" src=\"https:\/\/content.principia.edu\/sites\/prague2023\/files\/2023\/09\/IMG_3249-1024x768.jpg\" alt=\"\" class=\"wp-image-342\" srcset=\"https:\/\/content.principia.edu\/sites\/prague2023\/files\/2023\/09\/IMG_3249-1024x768.jpg 1024w, https:\/\/content.principia.edu\/sites\/prague2023\/files\/2023\/09\/IMG_3249-300x225.jpg 300w, https:\/\/content.principia.edu\/sites\/prague2023\/files\/2023\/09\/IMG_3249-768x576.jpg 768w, https:\/\/content.principia.edu\/sites\/prague2023\/files\/2023\/09\/IMG_3249-1536x1152.jpg 1536w, https:\/\/content.principia.edu\/sites\/prague2023\/files\/2023\/09\/IMG_3249-2048x1536.jpg 2048w\" sizes=\"auto, (max-width: 1024px) 100vw, 1024px\" \/><\/figure>\n\n\n\n<figure class=\"wp-block-image size-large\"><img loading=\"lazy\" decoding=\"async\" width=\"1024\" height=\"768\" src=\"https:\/\/content.principia.edu\/sites\/prague2023\/files\/2023\/09\/IMG_3252-1024x768.jpeg\" alt=\"\" class=\"wp-image-343\" srcset=\"https:\/\/content.principia.edu\/sites\/prague2023\/files\/2023\/09\/IMG_3252-1024x768.jpeg 1024w, https:\/\/content.principia.edu\/sites\/prague2023\/files\/2023\/09\/IMG_3252-300x225.jpeg 300w, https:\/\/content.principia.edu\/sites\/prague2023\/files\/2023\/09\/IMG_3252-768x576.jpeg 768w, https:\/\/content.principia.edu\/sites\/prague2023\/files\/2023\/09\/IMG_3252-1536x1152.jpeg 1536w, https:\/\/content.principia.edu\/sites\/prague2023\/files\/2023\/09\/IMG_3252-2048x1536.jpeg 2048w\" sizes=\"auto, (max-width: 1024px) 100vw, 1024px\" \/><\/figure>\n\n\n\n<p>Taking in the views of Prague.<\/p>\n\n\n\n<figure class=\"wp-block-image size-large\"><img loading=\"lazy\" decoding=\"async\" width=\"1024\" height=\"768\" src=\"https:\/\/content.principia.edu\/sites\/prague2023\/files\/2023\/09\/IMG_3253-1024x768.jpeg\" alt=\"\" class=\"wp-image-344\" srcset=\"https:\/\/content.principia.edu\/sites\/prague2023\/files\/2023\/09\/IMG_3253-1024x768.jpeg 1024w, https:\/\/content.principia.edu\/sites\/prague2023\/files\/2023\/09\/IMG_3253-300x225.jpeg 300w, https:\/\/content.principia.edu\/sites\/prague2023\/files\/2023\/09\/IMG_3253-768x576.jpeg 768w, https:\/\/content.principia.edu\/sites\/prague2023\/files\/2023\/09\/IMG_3253-1536x1152.jpeg 1536w, https:\/\/content.principia.edu\/sites\/prague2023\/files\/2023\/09\/IMG_3253-2048x1536.jpeg 2048w\" sizes=\"auto, (max-width: 1024px) 100vw, 1024px\" \/><\/figure>\n\n\n\n<figure class=\"wp-block-image size-large\"><img loading=\"lazy\" decoding=\"async\" width=\"1024\" height=\"768\" src=\"https:\/\/content.principia.edu\/sites\/prague2023\/files\/2023\/09\/IMG_3256-1024x768.jpeg\" alt=\"\" class=\"wp-image-345\" srcset=\"https:\/\/content.principia.edu\/sites\/prague2023\/files\/2023\/09\/IMG_3256-1024x768.jpeg 1024w, https:\/\/content.principia.edu\/sites\/prague2023\/files\/2023\/09\/IMG_3256-300x225.jpeg 300w, https:\/\/content.principia.edu\/sites\/prague2023\/files\/2023\/09\/IMG_3256-768x576.jpeg 768w, https:\/\/content.principia.edu\/sites\/prague2023\/files\/2023\/09\/IMG_3256-1536x1152.jpeg 1536w, https:\/\/content.principia.edu\/sites\/prague2023\/files\/2023\/09\/IMG_3256-2048x1536.jpeg 2048w\" sizes=\"auto, (max-width: 1024px) 100vw, 1024px\" \/><\/figure>\n\n\n\n<figure class=\"wp-block-image size-large\"><img loading=\"lazy\" decoding=\"async\" width=\"1024\" height=\"768\" src=\"https:\/\/content.principia.edu\/sites\/prague2023\/files\/2023\/09\/IMG_3258-1024x768.jpeg\" alt=\"\" class=\"wp-image-346\" srcset=\"https:\/\/content.principia.edu\/sites\/prague2023\/files\/2023\/09\/IMG_3258-1024x768.jpeg 1024w, https:\/\/content.principia.edu\/sites\/prague2023\/files\/2023\/09\/IMG_3258-300x225.jpeg 300w, https:\/\/content.principia.edu\/sites\/prague2023\/files\/2023\/09\/IMG_3258-768x576.jpeg 768w, https:\/\/content.principia.edu\/sites\/prague2023\/files\/2023\/09\/IMG_3258-1536x1152.jpeg 1536w, https:\/\/content.principia.edu\/sites\/prague2023\/files\/2023\/09\/IMG_3258-2048x1536.jpeg 2048w\" sizes=\"auto, (max-width: 1024px) 100vw, 1024px\" \/><\/figure>\n\n\n\n<figure class=\"wp-block-image size-large\"><img loading=\"lazy\" decoding=\"async\" width=\"1024\" height=\"768\" src=\"https:\/\/content.principia.edu\/sites\/prague2023\/files\/2023\/09\/IMG_3265-1024x768.jpeg\" alt=\"\" class=\"wp-image-348\" srcset=\"https:\/\/content.principia.edu\/sites\/prague2023\/files\/2023\/09\/IMG_3265-1024x768.jpeg 1024w, https:\/\/content.principia.edu\/sites\/prague2023\/files\/2023\/09\/IMG_3265-300x225.jpeg 300w, https:\/\/content.principia.edu\/sites\/prague2023\/files\/2023\/09\/IMG_3265-768x576.jpeg 768w, https:\/\/content.principia.edu\/sites\/prague2023\/files\/2023\/09\/IMG_3265-1536x1152.jpeg 1536w, https:\/\/content.principia.edu\/sites\/prague2023\/files\/2023\/09\/IMG_3265-2048x1536.jpeg 2048w\" sizes=\"auto, (max-width: 1024px) 100vw, 1024px\" \/><\/figure>\n\n\n\n<p>Drawing the views of Prague.<\/p>\n\n\n\n<figure class=\"wp-block-image size-large\"><img loading=\"lazy\" decoding=\"async\" width=\"1024\" height=\"768\" src=\"https:\/\/content.principia.edu\/sites\/prague2023\/files\/2023\/09\/IMG_3267-1024x768.jpeg\" alt=\"\" class=\"wp-image-349\" srcset=\"https:\/\/content.principia.edu\/sites\/prague2023\/files\/2023\/09\/IMG_3267-1024x768.jpeg 1024w, https:\/\/content.principia.edu\/sites\/prague2023\/files\/2023\/09\/IMG_3267-300x225.jpeg 300w, https:\/\/content.principia.edu\/sites\/prague2023\/files\/2023\/09\/IMG_3267-768x576.jpeg 768w, https:\/\/content.principia.edu\/sites\/prague2023\/files\/2023\/09\/IMG_3267-1536x1152.jpeg 1536w, https:\/\/content.principia.edu\/sites\/prague2023\/files\/2023\/09\/IMG_3267-2048x1536.jpeg 2048w\" sizes=\"auto, (max-width: 1024px) 100vw, 1024px\" \/><\/figure>\n\n\n\n<figure class=\"wp-block-image size-large\"><img loading=\"lazy\" decoding=\"async\" width=\"1024\" height=\"768\" src=\"https:\/\/content.principia.edu\/sites\/prague2023\/files\/2023\/09\/IMG_3269-1024x768.jpeg\" alt=\"\" class=\"wp-image-350\" srcset=\"https:\/\/content.principia.edu\/sites\/prague2023\/files\/2023\/09\/IMG_3269-1024x768.jpeg 1024w, https:\/\/content.principia.edu\/sites\/prague2023\/files\/2023\/09\/IMG_3269-300x225.jpeg 300w, https:\/\/content.principia.edu\/sites\/prague2023\/files\/2023\/09\/IMG_3269-768x576.jpeg 768w, https:\/\/content.principia.edu\/sites\/prague2023\/files\/2023\/09\/IMG_3269-1536x1152.jpeg 1536w, https:\/\/content.principia.edu\/sites\/prague2023\/files\/2023\/09\/IMG_3269-2048x1536.jpeg 2048w\" sizes=\"auto, (max-width: 1024px) 100vw, 1024px\" \/><\/figure>\n\n\n\n<figure class=\"wp-block-image size-large\"><img loading=\"lazy\" decoding=\"async\" width=\"1024\" height=\"768\" src=\"https:\/\/content.principia.edu\/sites\/prague2023\/files\/2023\/09\/IMG_3270-1024x768.jpeg\" alt=\"\" class=\"wp-image-351\" srcset=\"https:\/\/content.principia.edu\/sites\/prague2023\/files\/2023\/09\/IMG_3270-1024x768.jpeg 1024w, https:\/\/content.principia.edu\/sites\/prague2023\/files\/2023\/09\/IMG_3270-300x225.jpeg 300w, https:\/\/content.principia.edu\/sites\/prague2023\/files\/2023\/09\/IMG_3270-768x576.jpeg 768w, https:\/\/content.principia.edu\/sites\/prague2023\/files\/2023\/09\/IMG_3270-1536x1152.jpeg 1536w, https:\/\/content.principia.edu\/sites\/prague2023\/files\/2023\/09\/IMG_3270-2048x1536.jpeg 2048w\" sizes=\"auto, (max-width: 1024px) 100vw, 1024px\" \/><\/figure>\n","protected":false},"excerpt":{"rendered":"<p>This afternoon, we walked from Old Town to Malostransk\u00e1 and caught the tram to \u00dajezd. In \u00dajezd we took the funicular to Pet\u0159\u00edn Tower on Pet\u0159\u00edn Hill. Lining up for the funicular up Pet\u0159\u00edn Hill. Approaching Pet\u0159\u00edn Tower, a loose descendent of the Eiffel Tower. Taking in the views of Prague. Drawing the views of [&hellip;]<\/p>\n","protected":false},"author":46,"featured_media":344,"comment_status":"open","ping_status":"open","sticky":false,"template":"","format":"standard","meta":{"_monsterinsights_skip_tracking":false,"_monsterinsights_sitenote_active":false,"_monsterinsights_sitenote_note":"","_monsterinsights_sitenote_category":0,"ngg_post_thumbnail":0,"footnotes":""},"categories":[1],"tags":[],"class_list":["post-334","post","type-post","status-publish","format-standard","has-post-thumbnail","hentry","category-uncategorized"],"_links":{"self":[{"href":"https:\/\/content.principia.edu\/sites\/prague2023\/wp-json\/wp\/v2\/posts\/334","targetHints":{"allow":["GET"]}}],"collection":[{"href":"https:\/\/content.principia.edu\/sites\/prague2023\/wp-json\/wp\/v2\/posts"}],"about":[{"href":"https:\/\/content.principia.edu\/sites\/prague2023\/wp-json\/wp\/v2\/types\/post"}],"author":[{"embeddable":true,"href":"https:\/\/content.principia.edu\/sites\/prague2023\/wp-json\/wp\/v2\/users\/46"}],"replies":[{"embeddable":true,"href":"https:\/\/content.principia.edu\/sites\/prague2023\/wp-json\/wp\/v2\/comments?post=334"}],"version-history":[{"count":1,"href":"https:\/\/content.principia.edu\/sites\/prague2023\/wp-json\/wp\/v2\/posts\/334\/revisions"}],"predecessor-version":[{"id":352,"href":"https:\/\/content.principia.edu\/sites\/prague2023\/wp-json\/wp\/v2\/posts\/334\/revisions\/352"}],"wp:featuredmedia":[{"embeddable":true,"href":"https:\/\/content.principia.edu\/sites\/prague2023\/wp-json\/wp\/v2\/media\/344"}],"wp:attachment":[{"href":"https:\/\/content.principia.edu\/sites\/prague2023\/wp-json\/wp\/v2\/media?parent=334"}],"wp:term":[{"taxonomy":"category","embeddable":true,"href":"https:\/\/content.principia.edu\/sites\/prague2023\/wp-json\/wp\/v2\/categories?post=334"},{"taxonomy":"post_tag","embeddable":true,"href":"https:\/\/content.principia.edu\/sites\/prague2023\/wp-json\/wp\/v2\/tags?post=334"}],"curies":[{"name":"wp","href":"https:\/\/api.w.org\/{rel}","templated":true}]}}