{"id":293,"date":"2023-09-15T05:32:41","date_gmt":"2023-09-15T05:32:41","guid":{"rendered":"https:\/\/content.principia.edu\/sites\/prague2023\/?p=293"},"modified":"2023-09-16T19:06:19","modified_gmt":"2023-09-16T19:06:19","slug":"breakfast-at-cafe-savoy","status":"publish","type":"post","link":"https:\/\/content.principia.edu\/sites\/prague2023\/2023\/09\/15\/breakfast-at-cafe-savoy\/","title":{"rendered":"Breakfast at Caf\u00e9 Savoy"},"content":{"rendered":"\n<p>Walking from our apartments in the Old Town to Caf\u00e9 Savoy in Mal\u00e1 Strana, where Franz Kafka drank coffee. <\/p>\n\n\n\n<figure class=\"wp-block-image size-large is-resized\"><img loading=\"lazy\" decoding=\"async\" src=\"https:\/\/content.principia.edu\/sites\/prague2023\/files\/2023\/09\/IMG_3028-1024x768.jpeg\" alt=\"\" class=\"wp-image-294\" style=\"width:650px;height:488px\" width=\"650\" height=\"488\" srcset=\"https:\/\/content.principia.edu\/sites\/prague2023\/files\/2023\/09\/IMG_3028-1024x768.jpeg 1024w, https:\/\/content.principia.edu\/sites\/prague2023\/files\/2023\/09\/IMG_3028-300x225.jpeg 300w, https:\/\/content.principia.edu\/sites\/prague2023\/files\/2023\/09\/IMG_3028-768x576.jpeg 768w, https:\/\/content.principia.edu\/sites\/prague2023\/files\/2023\/09\/IMG_3028-1536x1152.jpeg 1536w, https:\/\/content.principia.edu\/sites\/prague2023\/files\/2023\/09\/IMG_3028-2048x1536.jpeg 2048w\" sizes=\"auto, (max-width: 650px) 100vw, 650px\" \/><\/figure>\n\n\n\n<figure class=\"wp-block-image size-large\"><img loading=\"lazy\" decoding=\"async\" width=\"1024\" height=\"768\" src=\"https:\/\/content.principia.edu\/sites\/prague2023\/files\/2023\/09\/IMG_3030-1024x768.jpeg\" alt=\"\" class=\"wp-image-295\" srcset=\"https:\/\/content.principia.edu\/sites\/prague2023\/files\/2023\/09\/IMG_3030-1024x768.jpeg 1024w, https:\/\/content.principia.edu\/sites\/prague2023\/files\/2023\/09\/IMG_3030-300x225.jpeg 300w, https:\/\/content.principia.edu\/sites\/prague2023\/files\/2023\/09\/IMG_3030-768x576.jpeg 768w, https:\/\/content.principia.edu\/sites\/prague2023\/files\/2023\/09\/IMG_3030-1536x1152.jpeg 1536w, https:\/\/content.principia.edu\/sites\/prague2023\/files\/2023\/09\/IMG_3030-2048x1536.jpeg 2048w\" sizes=\"auto, (max-width: 1024px) 100vw, 1024px\" \/><\/figure>\n\n\n\n<p>&#8220;Cappuccino, pros\u00edm!&#8221; <\/p>\n\n\n\n<figure class=\"wp-block-image size-large\"><img loading=\"lazy\" decoding=\"async\" width=\"1024\" height=\"768\" src=\"https:\/\/content.principia.edu\/sites\/prague2023\/files\/2023\/09\/PHOTO-2023-09-15-11-09-36-1024x768.jpg\" alt=\"\" class=\"wp-image-296\" srcset=\"https:\/\/content.principia.edu\/sites\/prague2023\/files\/2023\/09\/PHOTO-2023-09-15-11-09-36-1024x768.jpg 1024w, https:\/\/content.principia.edu\/sites\/prague2023\/files\/2023\/09\/PHOTO-2023-09-15-11-09-36-300x225.jpg 300w, https:\/\/content.principia.edu\/sites\/prague2023\/files\/2023\/09\/PHOTO-2023-09-15-11-09-36-768x576.jpg 768w, https:\/\/content.principia.edu\/sites\/prague2023\/files\/2023\/09\/PHOTO-2023-09-15-11-09-36-1536x1152.jpg 1536w, https:\/\/content.principia.edu\/sites\/prague2023\/files\/2023\/09\/PHOTO-2023-09-15-11-09-36.jpg 1600w\" sizes=\"auto, (max-width: 1024px) 100vw, 1024px\" \/><\/figure>\n\n\n\n<figure class=\"wp-block-image size-full\"><img loading=\"lazy\" decoding=\"async\" width=\"1024\" height=\"768\" src=\"https:\/\/content.principia.edu\/sites\/prague2023\/files\/2023\/09\/PHOTO-2023-09-15-19-56-59.jpg\" alt=\"\" class=\"wp-image-297\" srcset=\"https:\/\/content.principia.edu\/sites\/prague2023\/files\/2023\/09\/PHOTO-2023-09-15-19-56-59.jpg 1024w, https:\/\/content.principia.edu\/sites\/prague2023\/files\/2023\/09\/PHOTO-2023-09-15-19-56-59-300x225.jpg 300w, https:\/\/content.principia.edu\/sites\/prague2023\/files\/2023\/09\/PHOTO-2023-09-15-19-56-59-768x576.jpg 768w\" sizes=\"auto, (max-width: 1024px) 100vw, 1024px\" \/><\/figure>\n","protected":false},"excerpt":{"rendered":"<p>Walking from our apartments in the Old Town to Caf\u00e9 Savoy in Mal\u00e1 Strana, where Franz Kafka drank coffee. &#8220;Cappuccino, pros\u00edm!&#8221;<\/p>\n","protected":false},"author":46,"featured_media":297,"comment_status":"open","ping_status":"open","sticky":false,"template":"","format":"standard","meta":{"_monsterinsights_skip_tracking":false,"_monsterinsights_sitenote_active":false,"_monsterinsights_sitenote_note":"","_monsterinsights_sitenote_category":0,"ngg_post_thumbnail":0,"footnotes":""},"categories":[1],"tags":[],"class_list":["post-293","post","type-post","status-publish","format-standard","has-post-thumbnail","hentry","category-uncategorized"],"_links":{"self":[{"href":"https:\/\/content.principia.edu\/sites\/prague2023\/wp-json\/wp\/v2\/posts\/293","targetHints":{"allow":["GET"]}}],"collection":[{"href":"https:\/\/content.principia.edu\/sites\/prague2023\/wp-json\/wp\/v2\/posts"}],"about":[{"href":"https:\/\/content.principia.edu\/sites\/prague2023\/wp-json\/wp\/v2\/types\/post"}],"author":[{"embeddable":true,"href":"https:\/\/content.principia.edu\/sites\/prague2023\/wp-json\/wp\/v2\/users\/46"}],"replies":[{"embeddable":true,"href":"https:\/\/content.principia.edu\/sites\/prague2023\/wp-json\/wp\/v2\/comments?post=293"}],"version-history":[{"count":3,"href":"https:\/\/content.principia.edu\/sites\/prague2023\/wp-json\/wp\/v2\/posts\/293\/revisions"}],"predecessor-version":[{"id":332,"href":"https:\/\/content.principia.edu\/sites\/prague2023\/wp-json\/wp\/v2\/posts\/293\/revisions\/332"}],"wp:featuredmedia":[{"embeddable":true,"href":"https:\/\/content.principia.edu\/sites\/prague2023\/wp-json\/wp\/v2\/media\/297"}],"wp:attachment":[{"href":"https:\/\/content.principia.edu\/sites\/prague2023\/wp-json\/wp\/v2\/media?parent=293"}],"wp:term":[{"taxonomy":"category","embeddable":true,"href":"https:\/\/content.principia.edu\/sites\/prague2023\/wp-json\/wp\/v2\/categories?post=293"},{"taxonomy":"post_tag","embeddable":true,"href":"https:\/\/content.principia.edu\/sites\/prague2023\/wp-json\/wp\/v2\/tags?post=293"}],"curies":[{"name":"wp","href":"https:\/\/api.w.org\/{rel}","templated":true}]}}