{"id":1420,"date":"2023-11-08T13:52:51","date_gmt":"2023-11-08T13:52:51","guid":{"rendered":"https:\/\/content.principia.edu\/sites\/prague2023\/?p=1420"},"modified":"2023-11-10T13:54:20","modified_gmt":"2023-11-10T13:54:20","slug":"poetry-reading-by-petr-borkovec-and-justin-quinn","status":"publish","type":"post","link":"https:\/\/content.principia.edu\/sites\/prague2023\/2023\/11\/08\/poetry-reading-by-petr-borkovec-and-justin-quinn\/","title":{"rendered":"Poetry Reading by Petr Borkovec and Justin Quinn"},"content":{"rendered":"\n<p>On Wednesday morning, Czech poet Petr Borkovec and Irish poet Justin Quinn visited our class to read from their books and talk all things poetry. <\/p>\n\n\n\n<figure class=\"wp-block-image size-large\"><img loading=\"lazy\" decoding=\"async\" width=\"1024\" height=\"768\" src=\"https:\/\/content.principia.edu\/sites\/prague2023\/files\/2023\/11\/IMG_6482-1024x768.jpeg\" alt=\"\" class=\"wp-image-1422\" srcset=\"https:\/\/content.principia.edu\/sites\/prague2023\/files\/2023\/11\/IMG_6482-1024x768.jpeg 1024w, https:\/\/content.principia.edu\/sites\/prague2023\/files\/2023\/11\/IMG_6482-300x225.jpeg 300w, https:\/\/content.principia.edu\/sites\/prague2023\/files\/2023\/11\/IMG_6482-768x576.jpeg 768w, https:\/\/content.principia.edu\/sites\/prague2023\/files\/2023\/11\/IMG_6482-1536x1152.jpeg 1536w, https:\/\/content.principia.edu\/sites\/prague2023\/files\/2023\/11\/IMG_6482-2048x1536.jpeg 2048w\" sizes=\"auto, (max-width: 1024px) 100vw, 1024px\" \/><\/figure>\n\n\n\n<p><strong>Petr Borkovec<\/strong> is a Czech poet, prose writer, translator, and author of children&#8217;s books. He writes regular columns and short prose for magazines Full Moon, A2, czech radio station Vltava, iLiteratura and Slovak revue Frakt\u00e1l. His most recent books are the short story collection\u00a0<em>Lido di Dante<\/em>\u00a0(2017), the poetry collection\u00a0<em>Herbarium to something worse<\/em>\u00a0(2018), the children&#8217;s book\u00a0<em>Every Thing Has Something to Do with Happiness<\/em>\u00a0(2018), the prose collection\u00a0<em>Pet\u0159\u00ed\u010dek Sellier &amp; Pet\u0159\u00ed\u010dek Bellot<\/em>\u00a0(2019), the short stories\u00a0<em>Collect the Stick<\/em>\u00a0(2020; expanded edition 2022), and the poems for youth\u00a0<em>Blue Agave<\/em>\u00a0(2021). In 2022 he published\u00a0<em>Observation Exercises (Officina Praga)<\/em>.<\/p>\n\n\n\n<p><strong>Justin Quinn <\/strong>was born in Dublin, and educated there at Trinity College (BA &amp; PhD). With David Wheatley, he was a founding editor of the Irish poetry magazine,\u00a0<em>Metre<\/em>. His translations of the Czech poet Petr Borkovec,\u00a0<em>From the Interior<\/em>, appeared in 2008 from Seren. He also lectures at the\u00a0Department of English, Faculty of Education, University of West Bohemia. In 2017 his translations of Bohuslav Reynek,\u00a0<em>The Well at Morning: Selected Poems, 1925-197<\/em>1, were published by Karolinum, with essays by Martin C. Putna and Ji\u0159\u00ed \u0160er\u00fdch. His translations of Jan Z\u00e1brana\u2019s poetry,<em>\u00a0The Lesser Histories<\/em>, were published in 2022 by Karolinum\/University of Chicago Press. <\/p>\n\n\n\n<figure class=\"wp-block-image size-large\"><img loading=\"lazy\" decoding=\"async\" width=\"1024\" height=\"768\" src=\"https:\/\/content.principia.edu\/sites\/prague2023\/files\/2023\/11\/IMG_6486-1024x768.jpeg\" alt=\"\" class=\"wp-image-1423\" srcset=\"https:\/\/content.principia.edu\/sites\/prague2023\/files\/2023\/11\/IMG_6486-1024x768.jpeg 1024w, https:\/\/content.principia.edu\/sites\/prague2023\/files\/2023\/11\/IMG_6486-300x225.jpeg 300w, https:\/\/content.principia.edu\/sites\/prague2023\/files\/2023\/11\/IMG_6486-768x576.jpeg 768w, https:\/\/content.principia.edu\/sites\/prague2023\/files\/2023\/11\/IMG_6486-1536x1152.jpeg 1536w, https:\/\/content.principia.edu\/sites\/prague2023\/files\/2023\/11\/IMG_6486-2048x1536.jpeg 2048w\" sizes=\"auto, (max-width: 1024px) 100vw, 1024px\" \/><\/figure>\n\n\n\n<p>Internationally acclaimed poets, Petr and Justin are also good friends and often collaborate on their writing and translations. Their poetry reading was informal, full of banter, and deeply engaged in the possibilities of poetry across cultures.<\/p>\n\n\n\n<figure class=\"wp-block-image size-large\"><img loading=\"lazy\" decoding=\"async\" width=\"1024\" height=\"768\" src=\"https:\/\/content.principia.edu\/sites\/prague2023\/files\/2023\/11\/IMG_6489-1024x768.jpeg\" alt=\"\" class=\"wp-image-1424\" srcset=\"https:\/\/content.principia.edu\/sites\/prague2023\/files\/2023\/11\/IMG_6489-1024x768.jpeg 1024w, https:\/\/content.principia.edu\/sites\/prague2023\/files\/2023\/11\/IMG_6489-300x225.jpeg 300w, https:\/\/content.principia.edu\/sites\/prague2023\/files\/2023\/11\/IMG_6489-768x576.jpeg 768w, https:\/\/content.principia.edu\/sites\/prague2023\/files\/2023\/11\/IMG_6489-1536x1152.jpeg 1536w, https:\/\/content.principia.edu\/sites\/prague2023\/files\/2023\/11\/IMG_6489-2048x1536.jpeg 2048w\" sizes=\"auto, (max-width: 1024px) 100vw, 1024px\" \/><\/figure>\n\n\n\n<figure class=\"wp-block-image size-large\"><img loading=\"lazy\" decoding=\"async\" width=\"1024\" height=\"768\" src=\"https:\/\/content.principia.edu\/sites\/prague2023\/files\/2023\/11\/IMG_6490-1024x768.jpeg\" alt=\"\" class=\"wp-image-1425\" srcset=\"https:\/\/content.principia.edu\/sites\/prague2023\/files\/2023\/11\/IMG_6490-1024x768.jpeg 1024w, https:\/\/content.principia.edu\/sites\/prague2023\/files\/2023\/11\/IMG_6490-300x225.jpeg 300w, https:\/\/content.principia.edu\/sites\/prague2023\/files\/2023\/11\/IMG_6490-768x576.jpeg 768w, https:\/\/content.principia.edu\/sites\/prague2023\/files\/2023\/11\/IMG_6490-1536x1152.jpeg 1536w, https:\/\/content.principia.edu\/sites\/prague2023\/files\/2023\/11\/IMG_6490-2048x1536.jpeg 2048w\" sizes=\"auto, (max-width: 1024px) 100vw, 1024px\" \/><\/figure>\n\n\n\n<p><\/p>\n","protected":false},"excerpt":{"rendered":"<p>On Wednesday morning, Czech poet Petr Borkovec and Irish poet Justin Quinn visited our class to read from their books and talk all things poetry. Petr Borkovec is a Czech poet, prose writer, translator, and author of children&#8217;s books. He writes regular columns and short prose for magazines Full Moon, A2, czech radio station Vltava, [&hellip;]<\/p>\n","protected":false},"author":46,"featured_media":1423,"comment_status":"open","ping_status":"open","sticky":false,"template":"","format":"standard","meta":{"_monsterinsights_skip_tracking":false,"_monsterinsights_sitenote_active":false,"_monsterinsights_sitenote_note":"","_monsterinsights_sitenote_category":0,"ngg_post_thumbnail":0,"footnotes":""},"categories":[1],"tags":[],"class_list":["post-1420","post","type-post","status-publish","format-standard","has-post-thumbnail","hentry","category-uncategorized"],"_links":{"self":[{"href":"https:\/\/content.principia.edu\/sites\/prague2023\/wp-json\/wp\/v2\/posts\/1420","targetHints":{"allow":["GET"]}}],"collection":[{"href":"https:\/\/content.principia.edu\/sites\/prague2023\/wp-json\/wp\/v2\/posts"}],"about":[{"href":"https:\/\/content.principia.edu\/sites\/prague2023\/wp-json\/wp\/v2\/types\/post"}],"author":[{"embeddable":true,"href":"https:\/\/content.principia.edu\/sites\/prague2023\/wp-json\/wp\/v2\/users\/46"}],"replies":[{"embeddable":true,"href":"https:\/\/content.principia.edu\/sites\/prague2023\/wp-json\/wp\/v2\/comments?post=1420"}],"version-history":[{"count":6,"href":"https:\/\/content.principia.edu\/sites\/prague2023\/wp-json\/wp\/v2\/posts\/1420\/revisions"}],"predecessor-version":[{"id":1430,"href":"https:\/\/content.principia.edu\/sites\/prague2023\/wp-json\/wp\/v2\/posts\/1420\/revisions\/1430"}],"wp:featuredmedia":[{"embeddable":true,"href":"https:\/\/content.principia.edu\/sites\/prague2023\/wp-json\/wp\/v2\/media\/1423"}],"wp:attachment":[{"href":"https:\/\/content.principia.edu\/sites\/prague2023\/wp-json\/wp\/v2\/media?parent=1420"}],"wp:term":[{"taxonomy":"category","embeddable":true,"href":"https:\/\/content.principia.edu\/sites\/prague2023\/wp-json\/wp\/v2\/categories?post=1420"},{"taxonomy":"post_tag","embeddable":true,"href":"https:\/\/content.principia.edu\/sites\/prague2023\/wp-json\/wp\/v2\/tags?post=1420"}],"curies":[{"name":"wp","href":"https:\/\/api.w.org\/{rel}","templated":true}]}}