{"id":1006,"date":"2023-10-26T13:24:41","date_gmt":"2023-10-26T13:24:41","guid":{"rendered":"https:\/\/content.principia.edu\/sites\/prague2023\/?p=1006"},"modified":"2023-10-27T15:31:56","modified_gmt":"2023-10-27T15:31:56","slug":"a-trip-to-the-terezin-memorial","status":"publish","type":"post","link":"https:\/\/content.principia.edu\/sites\/prague2023\/2023\/10\/26\/a-trip-to-the-terezin-memorial\/","title":{"rendered":"A trip to the Terez\u00edn Memorial"},"content":{"rendered":"\n<p>On Tuesday, we traveled to the fortress city of Terez\u00edn. Built in the late 18th Century to protect Bohemia from Prussian forces arriving from the north, the fortress functioned for many years as a garrison town and prison for military and political convicts. The river&nbsp;Oh\u0159e divides the city into&nbsp;the Small&nbsp;Fortress (right) and the Main Fortress (left).<\/p>\n\n\n\n<figure class=\"wp-block-image size-large\"><img decoding=\"async\" src=\"https:\/\/upload.wikimedia.org\/wikipedia\/commons\/d\/db\/Pevnost_Terez%C3%ADn_-_%C4%8C%C3%9AZK_%282021%29.jpg\" alt=\"\" \/><\/figure>\n\n\n\n<p>During World War II, the Nazi German occupation in the Czech lands transformed Terez\u00edn into a giant prison and ghetto for Czech and European Jews. <\/p>\n\n\n\n<p>As Ludmila Chl\u00e1dkov\u00e1 writes, &#8220;In the Small Fortress as early as 1940, the Nazis established a police prison of the Gestapo. In the town itself (the former Main Fortress), a transitional camp was established in late 1941 for Jewish prisoners, called by the Nazis &#8216;Ghetto Theresienstadt.&#8217; Some tens of thousands of people died here, the majority however perished after having been deported from Terez\u00edn to Ghettos and extermination camps in the East.&#8221;<\/p>\n\n\n\n<p>Shortly after the end of the Second World War, the government of the Czechoslovak Republic created the Terez\u00edn Memorial to conserve and preserve the site as it was during the Nazi occupation. The Memorial is made up of a&nbsp;collection of monuments, which we visited with our tour guide, Svetlana. <\/p>\n\n\n\n<p>We began at the Small Fortress, which served as a prison of the Prague Gestapo for the opponents of the Nazi regime from 1940 &#8211; 1945.\u00a0<\/p>\n\n\n\n<figure class=\"wp-block-image size-large\"><img loading=\"lazy\" decoding=\"async\" width=\"1024\" height=\"768\" src=\"https:\/\/content.principia.edu\/sites\/prague2023\/files\/2023\/10\/IMG_5131-1024x768.jpeg\" alt=\"\" class=\"wp-image-1007\" srcset=\"https:\/\/content.principia.edu\/sites\/prague2023\/files\/2023\/10\/IMG_5131-1024x768.jpeg 1024w, https:\/\/content.principia.edu\/sites\/prague2023\/files\/2023\/10\/IMG_5131-300x225.jpeg 300w, https:\/\/content.principia.edu\/sites\/prague2023\/files\/2023\/10\/IMG_5131-768x576.jpeg 768w, https:\/\/content.principia.edu\/sites\/prague2023\/files\/2023\/10\/IMG_5131-1536x1152.jpeg 1536w, https:\/\/content.principia.edu\/sites\/prague2023\/files\/2023\/10\/IMG_5131-2048x1536.jpeg 2048w\" sizes=\"auto, (max-width: 1024px) 100vw, 1024px\" \/><\/figure>\n\n\n\n<p>Pictured below is the National Cemetery outside the Small Fortress.<\/p>\n\n\n\n<figure class=\"wp-block-image size-large\"><img loading=\"lazy\" decoding=\"async\" width=\"1024\" height=\"768\" src=\"https:\/\/content.principia.edu\/sites\/prague2023\/files\/2023\/10\/IMG_5136-1024x768.jpeg\" alt=\"\" class=\"wp-image-1009\" srcset=\"https:\/\/content.principia.edu\/sites\/prague2023\/files\/2023\/10\/IMG_5136-1024x768.jpeg 1024w, https:\/\/content.principia.edu\/sites\/prague2023\/files\/2023\/10\/IMG_5136-300x225.jpeg 300w, https:\/\/content.principia.edu\/sites\/prague2023\/files\/2023\/10\/IMG_5136-768x576.jpeg 768w, https:\/\/content.principia.edu\/sites\/prague2023\/files\/2023\/10\/IMG_5136-1536x1152.jpeg 1536w, https:\/\/content.principia.edu\/sites\/prague2023\/files\/2023\/10\/IMG_5136-2048x1536.jpeg 2048w\" sizes=\"auto, (max-width: 1024px) 100vw, 1024px\" \/><\/figure>\n\n\n\n<p><a href=\"https:\/\/www.pamatnik-terezin.cz\/the-national-cemetery\" data-type=\"link\" data-id=\"https:\/\/www.pamatnik-terezin.cz\/the-national-cemetery\">From the Terez\u00edn Memorial website<\/a>:<\/p>\n\n\n\n<p>&#8220;The National Cemetery presently contains 2,386 individual graves (both urns and inhumations). Thousands more of the dead of the Small Fortress, Terez\u00edn Ghetto and Litom\u011b\u0159ice forced labour camp, as well as of those who came to Terez\u00edn at the end of the War in the death march and death transports, are interred in the mass graves marked by five pylons. In all, the remains of some 10,000 victims lie within the National Cemetery.&#8221;<\/p>\n\n\n\n<figure class=\"wp-block-image size-large\"><img loading=\"lazy\" decoding=\"async\" width=\"1024\" height=\"768\" src=\"https:\/\/content.principia.edu\/sites\/prague2023\/files\/2023\/10\/IMG_5138-1024x768.jpeg\" alt=\"\" class=\"wp-image-1010\" srcset=\"https:\/\/content.principia.edu\/sites\/prague2023\/files\/2023\/10\/IMG_5138-1024x768.jpeg 1024w, https:\/\/content.principia.edu\/sites\/prague2023\/files\/2023\/10\/IMG_5138-300x225.jpeg 300w, https:\/\/content.principia.edu\/sites\/prague2023\/files\/2023\/10\/IMG_5138-768x576.jpeg 768w, https:\/\/content.principia.edu\/sites\/prague2023\/files\/2023\/10\/IMG_5138-1536x1152.jpeg 1536w, https:\/\/content.principia.edu\/sites\/prague2023\/files\/2023\/10\/IMG_5138-2048x1536.jpeg 2048w\" sizes=\"auto, (max-width: 1024px) 100vw, 1024px\" \/><\/figure>\n\n\n\n<figure class=\"wp-block-image size-large\"><img loading=\"lazy\" decoding=\"async\" width=\"1024\" height=\"768\" src=\"https:\/\/content.principia.edu\/sites\/prague2023\/files\/2023\/10\/IMG_5139-1024x768.jpeg\" alt=\"\" class=\"wp-image-1011\" srcset=\"https:\/\/content.principia.edu\/sites\/prague2023\/files\/2023\/10\/IMG_5139-1024x768.jpeg 1024w, https:\/\/content.principia.edu\/sites\/prague2023\/files\/2023\/10\/IMG_5139-300x225.jpeg 300w, https:\/\/content.principia.edu\/sites\/prague2023\/files\/2023\/10\/IMG_5139-768x576.jpeg 768w, https:\/\/content.principia.edu\/sites\/prague2023\/files\/2023\/10\/IMG_5139-1536x1152.jpeg 1536w, https:\/\/content.principia.edu\/sites\/prague2023\/files\/2023\/10\/IMG_5139-2048x1536.jpeg 2048w\" sizes=\"auto, (max-width: 1024px) 100vw, 1024px\" \/><\/figure>\n\n\n\n<p>Here we are approaching the entrance to the Small Fortress. <\/p>\n\n\n\n<figure class=\"wp-block-image size-large\"><img loading=\"lazy\" decoding=\"async\" width=\"1024\" height=\"768\" src=\"https:\/\/content.principia.edu\/sites\/prague2023\/files\/2023\/10\/IMG_5143-1024x768.jpeg\" alt=\"\" class=\"wp-image-1012\" srcset=\"https:\/\/content.principia.edu\/sites\/prague2023\/files\/2023\/10\/IMG_5143-1024x768.jpeg 1024w, https:\/\/content.principia.edu\/sites\/prague2023\/files\/2023\/10\/IMG_5143-300x225.jpeg 300w, https:\/\/content.principia.edu\/sites\/prague2023\/files\/2023\/10\/IMG_5143-768x576.jpeg 768w, https:\/\/content.principia.edu\/sites\/prague2023\/files\/2023\/10\/IMG_5143-1536x1152.jpeg 1536w, https:\/\/content.principia.edu\/sites\/prague2023\/files\/2023\/10\/IMG_5143-2048x1536.jpeg 2048w\" sizes=\"auto, (max-width: 1024px) 100vw, 1024px\" \/><\/figure>\n\n\n\n<figure class=\"wp-block-image size-large\"><img loading=\"lazy\" decoding=\"async\" width=\"1024\" height=\"768\" src=\"https:\/\/content.principia.edu\/sites\/prague2023\/files\/2023\/10\/IMG_5144-1024x768.jpeg\" alt=\"\" class=\"wp-image-1013\" srcset=\"https:\/\/content.principia.edu\/sites\/prague2023\/files\/2023\/10\/IMG_5144-1024x768.jpeg 1024w, https:\/\/content.principia.edu\/sites\/prague2023\/files\/2023\/10\/IMG_5144-300x225.jpeg 300w, https:\/\/content.principia.edu\/sites\/prague2023\/files\/2023\/10\/IMG_5144-768x576.jpeg 768w, https:\/\/content.principia.edu\/sites\/prague2023\/files\/2023\/10\/IMG_5144-1536x1152.jpeg 1536w, https:\/\/content.principia.edu\/sites\/prague2023\/files\/2023\/10\/IMG_5144-2048x1536.jpeg 2048w\" sizes=\"auto, (max-width: 1024px) 100vw, 1024px\" \/><\/figure>\n\n\n\n<p>Inside the Small Fortress, we observed former guard offices and prison cells, including the shower room, sick room, hospital, and execution place. <\/p>\n\n\n\n<figure class=\"wp-block-image size-large\"><img loading=\"lazy\" decoding=\"async\" width=\"1024\" height=\"768\" src=\"https:\/\/content.principia.edu\/sites\/prague2023\/files\/2023\/10\/IMG_5149-1024x768.jpeg\" alt=\"\" class=\"wp-image-1014\" srcset=\"https:\/\/content.principia.edu\/sites\/prague2023\/files\/2023\/10\/IMG_5149-1024x768.jpeg 1024w, https:\/\/content.principia.edu\/sites\/prague2023\/files\/2023\/10\/IMG_5149-300x225.jpeg 300w, https:\/\/content.principia.edu\/sites\/prague2023\/files\/2023\/10\/IMG_5149-768x576.jpeg 768w, https:\/\/content.principia.edu\/sites\/prague2023\/files\/2023\/10\/IMG_5149-1536x1152.jpeg 1536w, https:\/\/content.principia.edu\/sites\/prague2023\/files\/2023\/10\/IMG_5149-2048x1536.jpeg 2048w\" sizes=\"auto, (max-width: 1024px) 100vw, 1024px\" \/><\/figure>\n\n\n\n<figure class=\"wp-block-image size-large\"><img loading=\"lazy\" decoding=\"async\" width=\"1024\" height=\"768\" src=\"https:\/\/content.principia.edu\/sites\/prague2023\/files\/2023\/10\/IMG_5152-1024x768.jpeg\" alt=\"\" class=\"wp-image-1015\" srcset=\"https:\/\/content.principia.edu\/sites\/prague2023\/files\/2023\/10\/IMG_5152-1024x768.jpeg 1024w, https:\/\/content.principia.edu\/sites\/prague2023\/files\/2023\/10\/IMG_5152-300x225.jpeg 300w, https:\/\/content.principia.edu\/sites\/prague2023\/files\/2023\/10\/IMG_5152-768x576.jpeg 768w, https:\/\/content.principia.edu\/sites\/prague2023\/files\/2023\/10\/IMG_5152-1536x1152.jpeg 1536w, https:\/\/content.principia.edu\/sites\/prague2023\/files\/2023\/10\/IMG_5152-2048x1536.jpeg 2048w\" sizes=\"auto, (max-width: 1024px) 100vw, 1024px\" \/><\/figure>\n\n\n\n<figure class=\"wp-block-image size-large\"><img loading=\"lazy\" decoding=\"async\" width=\"1920\" height=\"2560\" src=\"https:\/\/content.principia.edu\/sites\/prague2023\/files\/2023\/10\/IMG_5153-edited-scaled.jpeg\" alt=\"\" class=\"wp-image-1018\" srcset=\"https:\/\/content.principia.edu\/sites\/prague2023\/files\/2023\/10\/IMG_5153-edited-scaled.jpeg 1920w, https:\/\/content.principia.edu\/sites\/prague2023\/files\/2023\/10\/IMG_5153-edited-225x300.jpeg 225w, https:\/\/content.principia.edu\/sites\/prague2023\/files\/2023\/10\/IMG_5153-edited-768x1024.jpeg 768w, https:\/\/content.principia.edu\/sites\/prague2023\/files\/2023\/10\/IMG_5153-edited-1152x1536.jpeg 1152w, https:\/\/content.principia.edu\/sites\/prague2023\/files\/2023\/10\/IMG_5153-edited-1536x2048.jpeg 1536w\" sizes=\"auto, (max-width: 1920px) 100vw, 1920px\" \/><\/figure>\n\n\n\n<figure class=\"wp-block-image size-large\"><img loading=\"lazy\" decoding=\"async\" width=\"1920\" height=\"2560\" src=\"https:\/\/content.principia.edu\/sites\/prague2023\/files\/2023\/10\/IMG_5154-edited-scaled.jpeg\" alt=\"\" class=\"wp-image-1019\" srcset=\"https:\/\/content.principia.edu\/sites\/prague2023\/files\/2023\/10\/IMG_5154-edited-scaled.jpeg 1920w, https:\/\/content.principia.edu\/sites\/prague2023\/files\/2023\/10\/IMG_5154-edited-225x300.jpeg 225w, https:\/\/content.principia.edu\/sites\/prague2023\/files\/2023\/10\/IMG_5154-edited-768x1024.jpeg 768w, https:\/\/content.principia.edu\/sites\/prague2023\/files\/2023\/10\/IMG_5154-edited-1152x1536.jpeg 1152w, https:\/\/content.principia.edu\/sites\/prague2023\/files\/2023\/10\/IMG_5154-edited-1536x2048.jpeg 1536w\" sizes=\"auto, (max-width: 1920px) 100vw, 1920px\" \/><\/figure>\n\n\n\n<p>We learned that at any given time, roughly 1,500 prisoners had to share only one small shower room and tiny sleeping quarters. <\/p>\n\n\n\n<figure class=\"wp-block-image size-large\"><img loading=\"lazy\" decoding=\"async\" width=\"1024\" height=\"768\" src=\"https:\/\/content.principia.edu\/sites\/prague2023\/files\/2023\/10\/IMG_5158-1024x768.jpeg\" alt=\"\" class=\"wp-image-1020\" srcset=\"https:\/\/content.principia.edu\/sites\/prague2023\/files\/2023\/10\/IMG_5158-1024x768.jpeg 1024w, https:\/\/content.principia.edu\/sites\/prague2023\/files\/2023\/10\/IMG_5158-300x225.jpeg 300w, https:\/\/content.principia.edu\/sites\/prague2023\/files\/2023\/10\/IMG_5158-768x576.jpeg 768w, https:\/\/content.principia.edu\/sites\/prague2023\/files\/2023\/10\/IMG_5158-1536x1152.jpeg 1536w, https:\/\/content.principia.edu\/sites\/prague2023\/files\/2023\/10\/IMG_5158-2048x1536.jpeg 2048w\" sizes=\"auto, (max-width: 1024px) 100vw, 1024px\" \/><\/figure>\n\n\n\n<figure class=\"wp-block-image size-large\"><img loading=\"lazy\" decoding=\"async\" width=\"1024\" height=\"768\" src=\"https:\/\/content.principia.edu\/sites\/prague2023\/files\/2023\/10\/IMG_5160-1024x768.jpeg\" alt=\"\" class=\"wp-image-1022\" srcset=\"https:\/\/content.principia.edu\/sites\/prague2023\/files\/2023\/10\/IMG_5160-1024x768.jpeg 1024w, https:\/\/content.principia.edu\/sites\/prague2023\/files\/2023\/10\/IMG_5160-300x225.jpeg 300w, https:\/\/content.principia.edu\/sites\/prague2023\/files\/2023\/10\/IMG_5160-768x576.jpeg 768w, https:\/\/content.principia.edu\/sites\/prague2023\/files\/2023\/10\/IMG_5160-1536x1152.jpeg 1536w, https:\/\/content.principia.edu\/sites\/prague2023\/files\/2023\/10\/IMG_5160-2048x1536.jpeg 2048w\" sizes=\"auto, (max-width: 1024px) 100vw, 1024px\" \/><\/figure>\n\n\n\n<figure class=\"wp-block-image size-large\"><img loading=\"lazy\" decoding=\"async\" width=\"1024\" height=\"768\" src=\"https:\/\/content.principia.edu\/sites\/prague2023\/files\/2023\/10\/IMG_5166-1024x768.jpeg\" alt=\"\" class=\"wp-image-1021\" srcset=\"https:\/\/content.principia.edu\/sites\/prague2023\/files\/2023\/10\/IMG_5166-1024x768.jpeg 1024w, https:\/\/content.principia.edu\/sites\/prague2023\/files\/2023\/10\/IMG_5166-300x225.jpeg 300w, https:\/\/content.principia.edu\/sites\/prague2023\/files\/2023\/10\/IMG_5166-768x576.jpeg 768w, https:\/\/content.principia.edu\/sites\/prague2023\/files\/2023\/10\/IMG_5166-1536x1152.jpeg 1536w, https:\/\/content.principia.edu\/sites\/prague2023\/files\/2023\/10\/IMG_5166-2048x1536.jpeg 2048w\" sizes=\"auto, (max-width: 1024px) 100vw, 1024px\" \/><\/figure>\n\n\n\n<figure class=\"wp-block-image size-large\"><img loading=\"lazy\" decoding=\"async\" width=\"1024\" height=\"768\" src=\"https:\/\/content.principia.edu\/sites\/prague2023\/files\/2023\/10\/IMG_5167-1024x768.jpeg\" alt=\"\" class=\"wp-image-1023\" srcset=\"https:\/\/content.principia.edu\/sites\/prague2023\/files\/2023\/10\/IMG_5167-1024x768.jpeg 1024w, https:\/\/content.principia.edu\/sites\/prague2023\/files\/2023\/10\/IMG_5167-300x225.jpeg 300w, https:\/\/content.principia.edu\/sites\/prague2023\/files\/2023\/10\/IMG_5167-768x576.jpeg 768w, https:\/\/content.principia.edu\/sites\/prague2023\/files\/2023\/10\/IMG_5167-1536x1152.jpeg 1536w, https:\/\/content.principia.edu\/sites\/prague2023\/files\/2023\/10\/IMG_5167-2048x1536.jpeg 2048w\" sizes=\"auto, (max-width: 1024px) 100vw, 1024px\" \/><\/figure>\n\n\n\n<figure class=\"wp-block-image size-large\"><img loading=\"lazy\" decoding=\"async\" width=\"1024\" height=\"768\" src=\"https:\/\/content.principia.edu\/sites\/prague2023\/files\/2023\/10\/IMG_5168-1024x768.jpeg\" alt=\"\" class=\"wp-image-1024\" srcset=\"https:\/\/content.principia.edu\/sites\/prague2023\/files\/2023\/10\/IMG_5168-1024x768.jpeg 1024w, https:\/\/content.principia.edu\/sites\/prague2023\/files\/2023\/10\/IMG_5168-300x225.jpeg 300w, https:\/\/content.principia.edu\/sites\/prague2023\/files\/2023\/10\/IMG_5168-768x576.jpeg 768w, https:\/\/content.principia.edu\/sites\/prague2023\/files\/2023\/10\/IMG_5168-1536x1152.jpeg 1536w, https:\/\/content.principia.edu\/sites\/prague2023\/files\/2023\/10\/IMG_5168-2048x1536.jpeg 2048w\" sizes=\"auto, (max-width: 1024px) 100vw, 1024px\" \/><\/figure>\n\n\n\n<p>The Small Fortress has many long corridors within the fortification walls. We walked through one of the corridors to the former execution grounds.<\/p>\n\n\n\n<figure class=\"wp-block-image size-large\"><img loading=\"lazy\" decoding=\"async\" width=\"1024\" height=\"768\" src=\"https:\/\/content.principia.edu\/sites\/prague2023\/files\/2023\/10\/IMG_5171-1024x768.jpeg\" alt=\"\" class=\"wp-image-1025\" srcset=\"https:\/\/content.principia.edu\/sites\/prague2023\/files\/2023\/10\/IMG_5171-1024x768.jpeg 1024w, https:\/\/content.principia.edu\/sites\/prague2023\/files\/2023\/10\/IMG_5171-300x225.jpeg 300w, https:\/\/content.principia.edu\/sites\/prague2023\/files\/2023\/10\/IMG_5171-768x576.jpeg 768w, https:\/\/content.principia.edu\/sites\/prague2023\/files\/2023\/10\/IMG_5171-1536x1152.jpeg 1536w, https:\/\/content.principia.edu\/sites\/prague2023\/files\/2023\/10\/IMG_5171-2048x1536.jpeg 2048w\" sizes=\"auto, (max-width: 1024px) 100vw, 1024px\" \/><\/figure>\n\n\n\n<figure class=\"wp-block-image size-large\"><img loading=\"lazy\" decoding=\"async\" width=\"1024\" height=\"768\" src=\"https:\/\/content.principia.edu\/sites\/prague2023\/files\/2023\/10\/IMG_5178-1024x768.jpg\" alt=\"\" class=\"wp-image-1026\" srcset=\"https:\/\/content.principia.edu\/sites\/prague2023\/files\/2023\/10\/IMG_5178-1024x768.jpg 1024w, https:\/\/content.principia.edu\/sites\/prague2023\/files\/2023\/10\/IMG_5178-300x225.jpg 300w, https:\/\/content.principia.edu\/sites\/prague2023\/files\/2023\/10\/IMG_5178-768x576.jpg 768w, https:\/\/content.principia.edu\/sites\/prague2023\/files\/2023\/10\/IMG_5178-1536x1152.jpg 1536w, https:\/\/content.principia.edu\/sites\/prague2023\/files\/2023\/10\/IMG_5178-2048x1536.jpg 2048w\" sizes=\"auto, (max-width: 1024px) 100vw, 1024px\" \/><\/figure>\n\n\n\n<figure class=\"wp-block-image size-large\"><img loading=\"lazy\" decoding=\"async\" width=\"1024\" height=\"768\" src=\"https:\/\/content.principia.edu\/sites\/prague2023\/files\/2023\/10\/IMG_5182-1024x768.jpeg\" alt=\"\" class=\"wp-image-1027\" srcset=\"https:\/\/content.principia.edu\/sites\/prague2023\/files\/2023\/10\/IMG_5182-1024x768.jpeg 1024w, https:\/\/content.principia.edu\/sites\/prague2023\/files\/2023\/10\/IMG_5182-300x225.jpeg 300w, https:\/\/content.principia.edu\/sites\/prague2023\/files\/2023\/10\/IMG_5182-768x576.jpeg 768w, https:\/\/content.principia.edu\/sites\/prague2023\/files\/2023\/10\/IMG_5182-1536x1152.jpeg 1536w, https:\/\/content.principia.edu\/sites\/prague2023\/files\/2023\/10\/IMG_5182-2048x1536.jpeg 2048w\" sizes=\"auto, (max-width: 1024px) 100vw, 1024px\" \/><\/figure>\n\n\n\n<figure class=\"wp-block-image size-large\"><img loading=\"lazy\" decoding=\"async\" width=\"1024\" height=\"768\" src=\"https:\/\/content.principia.edu\/sites\/prague2023\/files\/2023\/10\/IMG_5189-1024x768.jpg\" alt=\"\" class=\"wp-image-1028\" srcset=\"https:\/\/content.principia.edu\/sites\/prague2023\/files\/2023\/10\/IMG_5189-1024x768.jpg 1024w, https:\/\/content.principia.edu\/sites\/prague2023\/files\/2023\/10\/IMG_5189-300x225.jpg 300w, https:\/\/content.principia.edu\/sites\/prague2023\/files\/2023\/10\/IMG_5189-768x576.jpg 768w, https:\/\/content.principia.edu\/sites\/prague2023\/files\/2023\/10\/IMG_5189-1536x1152.jpg 1536w, https:\/\/content.principia.edu\/sites\/prague2023\/files\/2023\/10\/IMG_5189-2048x1536.jpg 2048w\" sizes=\"auto, (max-width: 1024px) 100vw, 1024px\" \/><\/figure>\n\n\n\n<p>After the Small Fortress, we traveled to the Main Fortress, where the city of Terez\u00edn remains to this day inside the old fortification walls. <\/p>\n\n\n\n<p>From 1941 &#8211; 1945, the Main Fortress was used as a Jewish ghetto and deportation base by the Nazis.\u00a0As Ludmila Chl\u00e1dkov\u00e1 writes, &#8220;The first transport arrived in Terez\u00edn from Prague on November 24, 1941 &#8212; called the &#8220;Aufbaukommando,&#8221; consisting of 324 men whose task it was to prepare the town for the arrival of a great number of prisoners. . . Before long, over 7,000 persons were deported to Terez\u00edn from Prague and Brno . . . In 1942, mass transports of Jews from various towns in Bohemia and Moravia started arriving. . . In all, over 155,000 prisoners passed through the Terez\u00edn Ghetto.&#8221;<\/p>\n\n\n\n<figure class=\"wp-block-image size-large\"><img loading=\"lazy\" decoding=\"async\" width=\"1024\" height=\"768\" src=\"https:\/\/content.principia.edu\/sites\/prague2023\/files\/2023\/10\/IMG_5197-1024x768.jpeg\" alt=\"\" class=\"wp-image-1029\" srcset=\"https:\/\/content.principia.edu\/sites\/prague2023\/files\/2023\/10\/IMG_5197-1024x768.jpeg 1024w, https:\/\/content.principia.edu\/sites\/prague2023\/files\/2023\/10\/IMG_5197-300x225.jpeg 300w, https:\/\/content.principia.edu\/sites\/prague2023\/files\/2023\/10\/IMG_5197-768x576.jpeg 768w, https:\/\/content.principia.edu\/sites\/prague2023\/files\/2023\/10\/IMG_5197-1536x1152.jpeg 1536w, https:\/\/content.principia.edu\/sites\/prague2023\/files\/2023\/10\/IMG_5197-2048x1536.jpeg 2048w\" sizes=\"auto, (max-width: 1024px) 100vw, 1024px\" \/><\/figure>\n\n\n\n<figure class=\"wp-block-image size-large\"><img loading=\"lazy\" decoding=\"async\" width=\"1024\" height=\"768\" src=\"https:\/\/content.principia.edu\/sites\/prague2023\/files\/2023\/10\/IMG_5199-1024x768.jpeg\" alt=\"\" class=\"wp-image-1030\" srcset=\"https:\/\/content.principia.edu\/sites\/prague2023\/files\/2023\/10\/IMG_5199-1024x768.jpeg 1024w, https:\/\/content.principia.edu\/sites\/prague2023\/files\/2023\/10\/IMG_5199-300x225.jpeg 300w, https:\/\/content.principia.edu\/sites\/prague2023\/files\/2023\/10\/IMG_5199-768x576.jpeg 768w, https:\/\/content.principia.edu\/sites\/prague2023\/files\/2023\/10\/IMG_5199-1536x1152.jpeg 1536w, https:\/\/content.principia.edu\/sites\/prague2023\/files\/2023\/10\/IMG_5199-2048x1536.jpeg 2048w\" sizes=\"auto, (max-width: 1024px) 100vw, 1024px\" \/><\/figure>\n\n\n\n<p>After lunch, we made our way to the Terez\u00edn Ghetto Museum inside the fortress town. <\/p>\n\n\n\n<p>The Ghetto Museum&nbsp;was opened in the former town school in 1991. During the years that Terez\u00edn was active as a ghetto, the building served as a home for Jewish boys aged 10-15 years old.<\/p>\n\n\n\n<figure class=\"wp-block-image size-large\"><img loading=\"lazy\" decoding=\"async\" width=\"1024\" height=\"768\" src=\"https:\/\/content.principia.edu\/sites\/prague2023\/files\/2023\/10\/IMG_5207-1024x768.jpeg\" alt=\"\" class=\"wp-image-1031\" srcset=\"https:\/\/content.principia.edu\/sites\/prague2023\/files\/2023\/10\/IMG_5207-1024x768.jpeg 1024w, https:\/\/content.principia.edu\/sites\/prague2023\/files\/2023\/10\/IMG_5207-300x225.jpeg 300w, https:\/\/content.principia.edu\/sites\/prague2023\/files\/2023\/10\/IMG_5207-768x576.jpeg 768w, https:\/\/content.principia.edu\/sites\/prague2023\/files\/2023\/10\/IMG_5207-1536x1152.jpeg 1536w, https:\/\/content.principia.edu\/sites\/prague2023\/files\/2023\/10\/IMG_5207-2048x1536.jpeg 2048w\" sizes=\"auto, (max-width: 1024px) 100vw, 1024px\" \/><\/figure>\n\n\n\n<p>The exhibition on the ground floor and mezzanine is dedicated to all of the children who lived in the ghetto. It features the names of children on the hall walls as well as their poems and drawings of life inside the ghetto.<\/p>\n\n\n\n<figure class=\"wp-block-image size-large\"><img loading=\"lazy\" decoding=\"async\" width=\"1024\" height=\"768\" src=\"https:\/\/content.principia.edu\/sites\/prague2023\/files\/2023\/10\/IMG_5211-1024x768.jpeg\" alt=\"\" class=\"wp-image-1032\" srcset=\"https:\/\/content.principia.edu\/sites\/prague2023\/files\/2023\/10\/IMG_5211-1024x768.jpeg 1024w, https:\/\/content.principia.edu\/sites\/prague2023\/files\/2023\/10\/IMG_5211-300x225.jpeg 300w, https:\/\/content.principia.edu\/sites\/prague2023\/files\/2023\/10\/IMG_5211-768x576.jpeg 768w, https:\/\/content.principia.edu\/sites\/prague2023\/files\/2023\/10\/IMG_5211-1536x1152.jpeg 1536w, https:\/\/content.principia.edu\/sites\/prague2023\/files\/2023\/10\/IMG_5211-2048x1536.jpeg 2048w\" sizes=\"auto, (max-width: 1024px) 100vw, 1024px\" \/><\/figure>\n\n\n\n<figure class=\"wp-block-image size-large\"><img loading=\"lazy\" decoding=\"async\" width=\"1920\" height=\"2560\" src=\"https:\/\/content.principia.edu\/sites\/prague2023\/files\/2023\/10\/IMG_5212-edited-scaled.jpeg\" alt=\"\" class=\"wp-image-1036\" srcset=\"https:\/\/content.principia.edu\/sites\/prague2023\/files\/2023\/10\/IMG_5212-edited-scaled.jpeg 1920w, https:\/\/content.principia.edu\/sites\/prague2023\/files\/2023\/10\/IMG_5212-edited-225x300.jpeg 225w, https:\/\/content.principia.edu\/sites\/prague2023\/files\/2023\/10\/IMG_5212-edited-768x1024.jpeg 768w, https:\/\/content.principia.edu\/sites\/prague2023\/files\/2023\/10\/IMG_5212-edited-1152x1536.jpeg 1152w, https:\/\/content.principia.edu\/sites\/prague2023\/files\/2023\/10\/IMG_5212-edited-1536x2048.jpeg 1536w\" sizes=\"auto, (max-width: 1920px) 100vw, 1920px\" \/><\/figure>\n\n\n\n<figure class=\"wp-block-image size-large\"><img loading=\"lazy\" decoding=\"async\" width=\"1024\" height=\"768\" src=\"https:\/\/content.principia.edu\/sites\/prague2023\/files\/2023\/10\/IMG_5214-1024x768.jpeg\" alt=\"\" class=\"wp-image-1034\" srcset=\"https:\/\/content.principia.edu\/sites\/prague2023\/files\/2023\/10\/IMG_5214-1024x768.jpeg 1024w, https:\/\/content.principia.edu\/sites\/prague2023\/files\/2023\/10\/IMG_5214-300x225.jpeg 300w, https:\/\/content.principia.edu\/sites\/prague2023\/files\/2023\/10\/IMG_5214-768x576.jpeg 768w, https:\/\/content.principia.edu\/sites\/prague2023\/files\/2023\/10\/IMG_5214-1536x1152.jpeg 1536w, https:\/\/content.principia.edu\/sites\/prague2023\/files\/2023\/10\/IMG_5214-2048x1536.jpeg 2048w\" sizes=\"auto, (max-width: 1024px) 100vw, 1024px\" \/><\/figure>\n\n\n\n<figure class=\"wp-block-image size-large\"><img loading=\"lazy\" decoding=\"async\" width=\"1024\" height=\"768\" src=\"https:\/\/content.principia.edu\/sites\/prague2023\/files\/2023\/10\/IMG_5217-1024x768.jpeg\" alt=\"\" class=\"wp-image-1035\" srcset=\"https:\/\/content.principia.edu\/sites\/prague2023\/files\/2023\/10\/IMG_5217-1024x768.jpeg 1024w, https:\/\/content.principia.edu\/sites\/prague2023\/files\/2023\/10\/IMG_5217-300x225.jpeg 300w, https:\/\/content.principia.edu\/sites\/prague2023\/files\/2023\/10\/IMG_5217-768x576.jpeg 768w, https:\/\/content.principia.edu\/sites\/prague2023\/files\/2023\/10\/IMG_5217-1536x1152.jpeg 1536w, https:\/\/content.principia.edu\/sites\/prague2023\/files\/2023\/10\/IMG_5217-2048x1536.jpeg 2048w\" sizes=\"auto, (max-width: 1024px) 100vw, 1024px\" \/><\/figure>\n\n\n\n<figure class=\"wp-block-image size-large\"><img loading=\"lazy\" decoding=\"async\" width=\"1920\" height=\"2560\" src=\"https:\/\/content.principia.edu\/sites\/prague2023\/files\/2023\/10\/IMG_5219-edited-scaled.jpeg\" alt=\"\" class=\"wp-image-1038\" srcset=\"https:\/\/content.principia.edu\/sites\/prague2023\/files\/2023\/10\/IMG_5219-edited-scaled.jpeg 1920w, https:\/\/content.principia.edu\/sites\/prague2023\/files\/2023\/10\/IMG_5219-edited-225x300.jpeg 225w, https:\/\/content.principia.edu\/sites\/prague2023\/files\/2023\/10\/IMG_5219-edited-768x1024.jpeg 768w, https:\/\/content.principia.edu\/sites\/prague2023\/files\/2023\/10\/IMG_5219-edited-1152x1536.jpeg 1152w, https:\/\/content.principia.edu\/sites\/prague2023\/files\/2023\/10\/IMG_5219-edited-1536x2048.jpeg 1536w\" sizes=\"auto, (max-width: 1920px) 100vw, 1920px\" \/><\/figure>\n\n\n\n<figure class=\"wp-block-image size-large\"><img loading=\"lazy\" decoding=\"async\" width=\"1024\" height=\"768\" src=\"https:\/\/content.principia.edu\/sites\/prague2023\/files\/2023\/10\/IMG_5221-1024x768.jpeg\" alt=\"\" class=\"wp-image-1039\" srcset=\"https:\/\/content.principia.edu\/sites\/prague2023\/files\/2023\/10\/IMG_5221-1024x768.jpeg 1024w, https:\/\/content.principia.edu\/sites\/prague2023\/files\/2023\/10\/IMG_5221-300x225.jpeg 300w, https:\/\/content.principia.edu\/sites\/prague2023\/files\/2023\/10\/IMG_5221-768x576.jpeg 768w, https:\/\/content.principia.edu\/sites\/prague2023\/files\/2023\/10\/IMG_5221-1536x1152.jpeg 1536w, https:\/\/content.principia.edu\/sites\/prague2023\/files\/2023\/10\/IMG_5221-2048x1536.jpeg 2048w\" sizes=\"auto, (max-width: 1024px) 100vw, 1024px\" \/><\/figure>\n\n\n\n<figure class=\"wp-block-image size-large\"><img loading=\"lazy\" decoding=\"async\" width=\"1024\" height=\"768\" src=\"https:\/\/content.principia.edu\/sites\/prague2023\/files\/2023\/10\/IMG_5223-1024x768.jpeg\" alt=\"\" class=\"wp-image-1040\" srcset=\"https:\/\/content.principia.edu\/sites\/prague2023\/files\/2023\/10\/IMG_5223-1024x768.jpeg 1024w, https:\/\/content.principia.edu\/sites\/prague2023\/files\/2023\/10\/IMG_5223-300x225.jpeg 300w, https:\/\/content.principia.edu\/sites\/prague2023\/files\/2023\/10\/IMG_5223-768x576.jpeg 768w, https:\/\/content.principia.edu\/sites\/prague2023\/files\/2023\/10\/IMG_5223-1536x1152.jpeg 1536w, https:\/\/content.principia.edu\/sites\/prague2023\/files\/2023\/10\/IMG_5223-2048x1536.jpeg 2048w\" sizes=\"auto, (max-width: 1024px) 100vw, 1024px\" \/><\/figure>\n\n\n\n<figure class=\"wp-block-image size-large\"><img loading=\"lazy\" decoding=\"async\" width=\"1024\" height=\"768\" src=\"https:\/\/content.principia.edu\/sites\/prague2023\/files\/2023\/10\/IMG_5230-1024x768.jpeg\" alt=\"\" class=\"wp-image-1041\" srcset=\"https:\/\/content.principia.edu\/sites\/prague2023\/files\/2023\/10\/IMG_5230-1024x768.jpeg 1024w, https:\/\/content.principia.edu\/sites\/prague2023\/files\/2023\/10\/IMG_5230-300x225.jpeg 300w, https:\/\/content.principia.edu\/sites\/prague2023\/files\/2023\/10\/IMG_5230-768x576.jpeg 768w, https:\/\/content.principia.edu\/sites\/prague2023\/files\/2023\/10\/IMG_5230-1536x1152.jpeg 1536w, https:\/\/content.principia.edu\/sites\/prague2023\/files\/2023\/10\/IMG_5230-2048x1536.jpeg 2048w\" sizes=\"auto, (max-width: 1024px) 100vw, 1024px\" \/><\/figure>\n\n\n\n<figure class=\"wp-block-image size-full\"><img loading=\"lazy\" decoding=\"async\" width=\"1024\" height=\"768\" src=\"https:\/\/content.principia.edu\/sites\/prague2023\/files\/2023\/10\/image.jpeg\" alt=\"This image has an empty alt attribute; its file name is IMG_5232-1024x768.jpeg\" class=\"wp-image-1043\" srcset=\"https:\/\/content.principia.edu\/sites\/prague2023\/files\/2023\/10\/image.jpeg 1024w, https:\/\/content.principia.edu\/sites\/prague2023\/files\/2023\/10\/image-300x225.jpeg 300w, https:\/\/content.principia.edu\/sites\/prague2023\/files\/2023\/10\/image-768x576.jpeg 768w\" sizes=\"auto, (max-width: 1024px) 100vw, 1024px\" \/><\/figure>\n\n\n\n<p>Upstairs on the first floor, the exhibition describes the beginning of the persecution of Jews from the Czech lands and beyond, the establishment of the ghetto, life inside the ghetto, transports, and extermination camps in the East.<\/p>\n\n\n\n<figure class=\"wp-block-image size-large\"><img loading=\"lazy\" decoding=\"async\" width=\"1024\" height=\"768\" src=\"https:\/\/content.principia.edu\/sites\/prague2023\/files\/2023\/10\/IMG_5235-1024x768.jpeg\" alt=\"\" class=\"wp-image-1044\" srcset=\"https:\/\/content.principia.edu\/sites\/prague2023\/files\/2023\/10\/IMG_5235-1024x768.jpeg 1024w, https:\/\/content.principia.edu\/sites\/prague2023\/files\/2023\/10\/IMG_5235-300x225.jpeg 300w, https:\/\/content.principia.edu\/sites\/prague2023\/files\/2023\/10\/IMG_5235-768x576.jpeg 768w, https:\/\/content.principia.edu\/sites\/prague2023\/files\/2023\/10\/IMG_5235-1536x1152.jpeg 1536w, https:\/\/content.principia.edu\/sites\/prague2023\/files\/2023\/10\/IMG_5235-2048x1536.jpeg 2048w\" sizes=\"auto, (max-width: 1024px) 100vw, 1024px\" \/><\/figure>\n\n\n\n<figure class=\"wp-block-image size-large\"><img loading=\"lazy\" decoding=\"async\" width=\"1024\" height=\"768\" src=\"https:\/\/content.principia.edu\/sites\/prague2023\/files\/2023\/10\/IMG_5267-1024x768.jpeg\" alt=\"\" class=\"wp-image-1045\" srcset=\"https:\/\/content.principia.edu\/sites\/prague2023\/files\/2023\/10\/IMG_5267-1024x768.jpeg 1024w, https:\/\/content.principia.edu\/sites\/prague2023\/files\/2023\/10\/IMG_5267-300x225.jpeg 300w, https:\/\/content.principia.edu\/sites\/prague2023\/files\/2023\/10\/IMG_5267-768x576.jpeg 768w, https:\/\/content.principia.edu\/sites\/prague2023\/files\/2023\/10\/IMG_5267-1536x1152.jpeg 1536w, https:\/\/content.principia.edu\/sites\/prague2023\/files\/2023\/10\/IMG_5267-2048x1536.jpeg 2048w\" sizes=\"auto, (max-width: 1024px) 100vw, 1024px\" \/><\/figure>\n\n\n\n<figure class=\"wp-block-image size-large\"><img loading=\"lazy\" decoding=\"async\" width=\"1024\" height=\"768\" src=\"https:\/\/content.principia.edu\/sites\/prague2023\/files\/2023\/10\/IMG_5270-1024x768.jpeg\" alt=\"\" class=\"wp-image-1046\" srcset=\"https:\/\/content.principia.edu\/sites\/prague2023\/files\/2023\/10\/IMG_5270-1024x768.jpeg 1024w, https:\/\/content.principia.edu\/sites\/prague2023\/files\/2023\/10\/IMG_5270-300x225.jpeg 300w, https:\/\/content.principia.edu\/sites\/prague2023\/files\/2023\/10\/IMG_5270-768x576.jpeg 768w, https:\/\/content.principia.edu\/sites\/prague2023\/files\/2023\/10\/IMG_5270-1536x1152.jpeg 1536w, https:\/\/content.principia.edu\/sites\/prague2023\/files\/2023\/10\/IMG_5270-2048x1536.jpeg 2048w\" sizes=\"auto, (max-width: 1024px) 100vw, 1024px\" \/><\/figure>\n\n\n\n<figure class=\"wp-block-image size-large\"><img loading=\"lazy\" decoding=\"async\" width=\"1024\" height=\"768\" src=\"https:\/\/content.principia.edu\/sites\/prague2023\/files\/2023\/10\/IMG_5271-1024x768.jpeg\" alt=\"\" class=\"wp-image-1047\" srcset=\"https:\/\/content.principia.edu\/sites\/prague2023\/files\/2023\/10\/IMG_5271-1024x768.jpeg 1024w, https:\/\/content.principia.edu\/sites\/prague2023\/files\/2023\/10\/IMG_5271-300x225.jpeg 300w, https:\/\/content.principia.edu\/sites\/prague2023\/files\/2023\/10\/IMG_5271-768x576.jpeg 768w, https:\/\/content.principia.edu\/sites\/prague2023\/files\/2023\/10\/IMG_5271-1536x1152.jpeg 1536w, https:\/\/content.principia.edu\/sites\/prague2023\/files\/2023\/10\/IMG_5271-2048x1536.jpeg 2048w\" sizes=\"auto, (max-width: 1024px) 100vw, 1024px\" \/><\/figure>\n\n\n\n<figure class=\"wp-block-image size-large\"><img loading=\"lazy\" decoding=\"async\" width=\"1024\" height=\"768\" src=\"https:\/\/content.principia.edu\/sites\/prague2023\/files\/2023\/10\/IMG_5272-1024x768.jpeg\" alt=\"\" class=\"wp-image-1048\" srcset=\"https:\/\/content.principia.edu\/sites\/prague2023\/files\/2023\/10\/IMG_5272-1024x768.jpeg 1024w, https:\/\/content.principia.edu\/sites\/prague2023\/files\/2023\/10\/IMG_5272-300x225.jpeg 300w, https:\/\/content.principia.edu\/sites\/prague2023\/files\/2023\/10\/IMG_5272-768x576.jpeg 768w, https:\/\/content.principia.edu\/sites\/prague2023\/files\/2023\/10\/IMG_5272-1536x1152.jpeg 1536w, https:\/\/content.principia.edu\/sites\/prague2023\/files\/2023\/10\/IMG_5272-2048x1536.jpeg 2048w\" sizes=\"auto, (max-width: 1024px) 100vw, 1024px\" \/><\/figure>\n\n\n\n<p>Next, we visited the Magdeburg barracks, a&nbsp;former army barracks that were used as a seat of so-called &#8220;Jewish self-government&#8221; during the years of the ghetto. <\/p>\n\n\n\n<p>Here Svetlana is describing the inhumane living conditions inside the barracks, which also functioned as a home for many of the elderly Jews inside the ghetto. <\/p>\n\n\n\n<figure class=\"wp-block-image size-large\"><img loading=\"lazy\" decoding=\"async\" width=\"1024\" height=\"768\" src=\"https:\/\/content.principia.edu\/sites\/prague2023\/files\/2023\/10\/IMG_5291-1024x768.jpeg\" alt=\"\" class=\"wp-image-1049\" srcset=\"https:\/\/content.principia.edu\/sites\/prague2023\/files\/2023\/10\/IMG_5291-1024x768.jpeg 1024w, https:\/\/content.principia.edu\/sites\/prague2023\/files\/2023\/10\/IMG_5291-300x225.jpeg 300w, https:\/\/content.principia.edu\/sites\/prague2023\/files\/2023\/10\/IMG_5291-768x576.jpeg 768w, https:\/\/content.principia.edu\/sites\/prague2023\/files\/2023\/10\/IMG_5291-1536x1152.jpeg 1536w, https:\/\/content.principia.edu\/sites\/prague2023\/files\/2023\/10\/IMG_5291-2048x1536.jpeg 2048w\" sizes=\"auto, (max-width: 1024px) 100vw, 1024px\" \/><\/figure>\n\n\n\n<figure class=\"wp-block-image size-large\"><img loading=\"lazy\" decoding=\"async\" width=\"1024\" height=\"768\" src=\"https:\/\/content.principia.edu\/sites\/prague2023\/files\/2023\/10\/IMG_5294-1024x768.jpeg\" alt=\"\" class=\"wp-image-1050\" srcset=\"https:\/\/content.principia.edu\/sites\/prague2023\/files\/2023\/10\/IMG_5294-1024x768.jpeg 1024w, https:\/\/content.principia.edu\/sites\/prague2023\/files\/2023\/10\/IMG_5294-300x225.jpeg 300w, https:\/\/content.principia.edu\/sites\/prague2023\/files\/2023\/10\/IMG_5294-768x576.jpeg 768w, https:\/\/content.principia.edu\/sites\/prague2023\/files\/2023\/10\/IMG_5294-1536x1152.jpeg 1536w, https:\/\/content.principia.edu\/sites\/prague2023\/files\/2023\/10\/IMG_5294-2048x1536.jpeg 2048w\" sizes=\"auto, (max-width: 1024px) 100vw, 1024px\" \/><\/figure>\n\n\n\n<p>Inside the barracks we saw a replica of a prison dormitory from the ghetto. Then, we spent some time in the exhibition &#8220;Art Against Death,&#8221; which showed works of music, art, and literature made by Jewish prisoners inside the Ghetto. <\/p>\n\n\n\n<p>Many of the artworks, poems, and pieces of music reflect life inside the ghetto.<\/p>\n\n\n\n<figure class=\"wp-block-image size-large\"><img loading=\"lazy\" decoding=\"async\" width=\"1024\" height=\"768\" src=\"https:\/\/content.principia.edu\/sites\/prague2023\/files\/2023\/10\/IMG_5295-1024x768.jpeg\" alt=\"\" class=\"wp-image-1051\" srcset=\"https:\/\/content.principia.edu\/sites\/prague2023\/files\/2023\/10\/IMG_5295-1024x768.jpeg 1024w, https:\/\/content.principia.edu\/sites\/prague2023\/files\/2023\/10\/IMG_5295-300x225.jpeg 300w, https:\/\/content.principia.edu\/sites\/prague2023\/files\/2023\/10\/IMG_5295-768x576.jpeg 768w, https:\/\/content.principia.edu\/sites\/prague2023\/files\/2023\/10\/IMG_5295-1536x1152.jpeg 1536w, https:\/\/content.principia.edu\/sites\/prague2023\/files\/2023\/10\/IMG_5295-2048x1536.jpeg 2048w\" sizes=\"auto, (max-width: 1024px) 100vw, 1024px\" \/><\/figure>\n\n\n\n<figure class=\"wp-block-image size-large\"><img loading=\"lazy\" decoding=\"async\" width=\"1024\" height=\"768\" src=\"https:\/\/content.principia.edu\/sites\/prague2023\/files\/2023\/10\/IMG_5300-1024x768.jpeg\" alt=\"\" class=\"wp-image-1052\" srcset=\"https:\/\/content.principia.edu\/sites\/prague2023\/files\/2023\/10\/IMG_5300-1024x768.jpeg 1024w, https:\/\/content.principia.edu\/sites\/prague2023\/files\/2023\/10\/IMG_5300-300x225.jpeg 300w, https:\/\/content.principia.edu\/sites\/prague2023\/files\/2023\/10\/IMG_5300-768x576.jpeg 768w, https:\/\/content.principia.edu\/sites\/prague2023\/files\/2023\/10\/IMG_5300-1536x1152.jpeg 1536w, https:\/\/content.principia.edu\/sites\/prague2023\/files\/2023\/10\/IMG_5300-2048x1536.jpeg 2048w\" sizes=\"auto, (max-width: 1024px) 100vw, 1024px\" \/><\/figure>\n\n\n\n<figure class=\"wp-block-image size-large\"><img loading=\"lazy\" decoding=\"async\" width=\"1024\" height=\"768\" src=\"https:\/\/content.principia.edu\/sites\/prague2023\/files\/2023\/10\/IMG_5329-1024x768.jpeg\" alt=\"\" class=\"wp-image-1053\" srcset=\"https:\/\/content.principia.edu\/sites\/prague2023\/files\/2023\/10\/IMG_5329-1024x768.jpeg 1024w, https:\/\/content.principia.edu\/sites\/prague2023\/files\/2023\/10\/IMG_5329-300x225.jpeg 300w, https:\/\/content.principia.edu\/sites\/prague2023\/files\/2023\/10\/IMG_5329-768x576.jpeg 768w, https:\/\/content.principia.edu\/sites\/prague2023\/files\/2023\/10\/IMG_5329-1536x1152.jpeg 1536w, https:\/\/content.principia.edu\/sites\/prague2023\/files\/2023\/10\/IMG_5329-2048x1536.jpeg 2048w\" sizes=\"auto, (max-width: 1024px) 100vw, 1024px\" \/><\/figure>\n\n\n\n<figure class=\"wp-block-image size-large\"><img loading=\"lazy\" decoding=\"async\" width=\"1024\" height=\"768\" src=\"https:\/\/content.principia.edu\/sites\/prague2023\/files\/2023\/10\/IMG_5330-1024x768.jpeg\" alt=\"\" class=\"wp-image-1054\" srcset=\"https:\/\/content.principia.edu\/sites\/prague2023\/files\/2023\/10\/IMG_5330-1024x768.jpeg 1024w, https:\/\/content.principia.edu\/sites\/prague2023\/files\/2023\/10\/IMG_5330-300x225.jpeg 300w, https:\/\/content.principia.edu\/sites\/prague2023\/files\/2023\/10\/IMG_5330-768x576.jpeg 768w, https:\/\/content.principia.edu\/sites\/prague2023\/files\/2023\/10\/IMG_5330-1536x1152.jpeg 1536w, https:\/\/content.principia.edu\/sites\/prague2023\/files\/2023\/10\/IMG_5330-2048x1536.jpeg 2048w\" sizes=\"auto, (max-width: 1024px) 100vw, 1024px\" \/><\/figure>\n\n\n\n<figure class=\"wp-block-image size-large\"><img loading=\"lazy\" decoding=\"async\" width=\"1024\" height=\"768\" src=\"https:\/\/content.principia.edu\/sites\/prague2023\/files\/2023\/10\/IMG_5332-1024x768.jpeg\" alt=\"\" class=\"wp-image-1055\" srcset=\"https:\/\/content.principia.edu\/sites\/prague2023\/files\/2023\/10\/IMG_5332-1024x768.jpeg 1024w, https:\/\/content.principia.edu\/sites\/prague2023\/files\/2023\/10\/IMG_5332-300x225.jpeg 300w, https:\/\/content.principia.edu\/sites\/prague2023\/files\/2023\/10\/IMG_5332-768x576.jpeg 768w, https:\/\/content.principia.edu\/sites\/prague2023\/files\/2023\/10\/IMG_5332-1536x1152.jpeg 1536w, https:\/\/content.principia.edu\/sites\/prague2023\/files\/2023\/10\/IMG_5332-2048x1536.jpeg 2048w\" sizes=\"auto, (max-width: 1024px) 100vw, 1024px\" \/><\/figure>\n\n\n\n<figure class=\"wp-block-image size-large\"><img loading=\"lazy\" decoding=\"async\" width=\"1024\" height=\"768\" src=\"https:\/\/content.principia.edu\/sites\/prague2023\/files\/2023\/10\/IMG_5333-1024x768.jpeg\" alt=\"\" class=\"wp-image-1056\" srcset=\"https:\/\/content.principia.edu\/sites\/prague2023\/files\/2023\/10\/IMG_5333-1024x768.jpeg 1024w, https:\/\/content.principia.edu\/sites\/prague2023\/files\/2023\/10\/IMG_5333-300x225.jpeg 300w, https:\/\/content.principia.edu\/sites\/prague2023\/files\/2023\/10\/IMG_5333-768x576.jpeg 768w, https:\/\/content.principia.edu\/sites\/prague2023\/files\/2023\/10\/IMG_5333-1536x1152.jpeg 1536w, https:\/\/content.principia.edu\/sites\/prague2023\/files\/2023\/10\/IMG_5333-2048x1536.jpeg 2048w\" sizes=\"auto, (max-width: 1024px) 100vw, 1024px\" \/><\/figure>\n\n\n\n<figure class=\"wp-block-image size-large\"><img loading=\"lazy\" decoding=\"async\" width=\"1024\" height=\"768\" src=\"https:\/\/content.principia.edu\/sites\/prague2023\/files\/2023\/10\/IMG_5336-1024x768.jpeg\" alt=\"\" class=\"wp-image-1057\" srcset=\"https:\/\/content.principia.edu\/sites\/prague2023\/files\/2023\/10\/IMG_5336-1024x768.jpeg 1024w, https:\/\/content.principia.edu\/sites\/prague2023\/files\/2023\/10\/IMG_5336-300x225.jpeg 300w, https:\/\/content.principia.edu\/sites\/prague2023\/files\/2023\/10\/IMG_5336-768x576.jpeg 768w, https:\/\/content.principia.edu\/sites\/prague2023\/files\/2023\/10\/IMG_5336-1536x1152.jpeg 1536w, https:\/\/content.principia.edu\/sites\/prague2023\/files\/2023\/10\/IMG_5336-2048x1536.jpeg 2048w\" sizes=\"auto, (max-width: 1024px) 100vw, 1024px\" \/><\/figure>\n\n\n\n<figure class=\"wp-block-image size-large\"><img loading=\"lazy\" decoding=\"async\" width=\"1024\" height=\"768\" src=\"https:\/\/content.principia.edu\/sites\/prague2023\/files\/2023\/10\/IMG_5340-1024x768.jpeg\" alt=\"\" class=\"wp-image-1059\" srcset=\"https:\/\/content.principia.edu\/sites\/prague2023\/files\/2023\/10\/IMG_5340-1024x768.jpeg 1024w, https:\/\/content.principia.edu\/sites\/prague2023\/files\/2023\/10\/IMG_5340-300x225.jpeg 300w, https:\/\/content.principia.edu\/sites\/prague2023\/files\/2023\/10\/IMG_5340-768x576.jpeg 768w, https:\/\/content.principia.edu\/sites\/prague2023\/files\/2023\/10\/IMG_5340-1536x1152.jpeg 1536w, https:\/\/content.principia.edu\/sites\/prague2023\/files\/2023\/10\/IMG_5340-2048x1536.jpeg 2048w\" sizes=\"auto, (max-width: 1024px) 100vw, 1024px\" \/><\/figure>\n\n\n\n<figure class=\"wp-block-image size-large\"><img loading=\"lazy\" decoding=\"async\" width=\"1024\" height=\"768\" src=\"https:\/\/content.principia.edu\/sites\/prague2023\/files\/2023\/10\/IMG_5357-1024x768.jpeg\" alt=\"\" class=\"wp-image-1060\" srcset=\"https:\/\/content.principia.edu\/sites\/prague2023\/files\/2023\/10\/IMG_5357-1024x768.jpeg 1024w, https:\/\/content.principia.edu\/sites\/prague2023\/files\/2023\/10\/IMG_5357-300x225.jpeg 300w, https:\/\/content.principia.edu\/sites\/prague2023\/files\/2023\/10\/IMG_5357-768x576.jpeg 768w, https:\/\/content.principia.edu\/sites\/prague2023\/files\/2023\/10\/IMG_5357-1536x1152.jpeg 1536w, https:\/\/content.principia.edu\/sites\/prague2023\/files\/2023\/10\/IMG_5357-2048x1536.jpeg 2048w\" sizes=\"auto, (max-width: 1024px) 100vw, 1024px\" \/><\/figure>\n\n\n\n<figure class=\"wp-block-image size-large\"><img loading=\"lazy\" decoding=\"async\" width=\"1024\" height=\"768\" src=\"https:\/\/content.principia.edu\/sites\/prague2023\/files\/2023\/10\/IMG_5358-1024x768.jpeg\" alt=\"\" class=\"wp-image-1061\" srcset=\"https:\/\/content.principia.edu\/sites\/prague2023\/files\/2023\/10\/IMG_5358-1024x768.jpeg 1024w, https:\/\/content.principia.edu\/sites\/prague2023\/files\/2023\/10\/IMG_5358-300x225.jpeg 300w, https:\/\/content.principia.edu\/sites\/prague2023\/files\/2023\/10\/IMG_5358-768x576.jpeg 768w, https:\/\/content.principia.edu\/sites\/prague2023\/files\/2023\/10\/IMG_5358-1536x1152.jpeg 1536w, https:\/\/content.principia.edu\/sites\/prague2023\/files\/2023\/10\/IMG_5358-2048x1536.jpeg 2048w\" sizes=\"auto, (max-width: 1024px) 100vw, 1024px\" \/><\/figure>\n\n\n\n<figure class=\"wp-block-image size-large\"><img loading=\"lazy\" decoding=\"async\" width=\"1024\" height=\"768\" src=\"https:\/\/content.principia.edu\/sites\/prague2023\/files\/2023\/10\/IMG_5387-1024x768.jpeg\" alt=\"\" class=\"wp-image-1066\" srcset=\"https:\/\/content.principia.edu\/sites\/prague2023\/files\/2023\/10\/IMG_5387-1024x768.jpeg 1024w, https:\/\/content.principia.edu\/sites\/prague2023\/files\/2023\/10\/IMG_5387-300x225.jpeg 300w, https:\/\/content.principia.edu\/sites\/prague2023\/files\/2023\/10\/IMG_5387-768x576.jpeg 768w, https:\/\/content.principia.edu\/sites\/prague2023\/files\/2023\/10\/IMG_5387-1536x1152.jpeg 1536w, https:\/\/content.principia.edu\/sites\/prague2023\/files\/2023\/10\/IMG_5387-2048x1536.jpeg 2048w\" sizes=\"auto, (max-width: 1024px) 100vw, 1024px\" \/><\/figure>\n\n\n\n<p>Our second last stop was the hidden prayer room and Zionist synagogue from the time of the Terez\u00edn ghetto, as well as the replica of an attic living quarters.<\/p>\n\n\n\n<figure class=\"wp-block-image size-large\"><img loading=\"lazy\" decoding=\"async\" width=\"1024\" height=\"768\" src=\"https:\/\/content.principia.edu\/sites\/prague2023\/files\/2023\/10\/IMG_5369-1024x768.jpeg\" alt=\"\" class=\"wp-image-1062\" srcset=\"https:\/\/content.principia.edu\/sites\/prague2023\/files\/2023\/10\/IMG_5369-1024x768.jpeg 1024w, https:\/\/content.principia.edu\/sites\/prague2023\/files\/2023\/10\/IMG_5369-300x225.jpeg 300w, https:\/\/content.principia.edu\/sites\/prague2023\/files\/2023\/10\/IMG_5369-768x576.jpeg 768w, https:\/\/content.principia.edu\/sites\/prague2023\/files\/2023\/10\/IMG_5369-1536x1152.jpeg 1536w, https:\/\/content.principia.edu\/sites\/prague2023\/files\/2023\/10\/IMG_5369-2048x1536.jpeg 2048w\" sizes=\"auto, (max-width: 1024px) 100vw, 1024px\" \/><\/figure>\n\n\n\n<figure class=\"wp-block-image size-large\"><img loading=\"lazy\" decoding=\"async\" width=\"1024\" height=\"768\" src=\"https:\/\/content.principia.edu\/sites\/prague2023\/files\/2023\/10\/IMG_5374-1024x768.jpeg\" alt=\"\" class=\"wp-image-1063\" srcset=\"https:\/\/content.principia.edu\/sites\/prague2023\/files\/2023\/10\/IMG_5374-1024x768.jpeg 1024w, https:\/\/content.principia.edu\/sites\/prague2023\/files\/2023\/10\/IMG_5374-300x225.jpeg 300w, https:\/\/content.principia.edu\/sites\/prague2023\/files\/2023\/10\/IMG_5374-768x576.jpeg 768w, https:\/\/content.principia.edu\/sites\/prague2023\/files\/2023\/10\/IMG_5374-1536x1152.jpeg 1536w, https:\/\/content.principia.edu\/sites\/prague2023\/files\/2023\/10\/IMG_5374-2048x1536.jpeg 2048w\" sizes=\"auto, (max-width: 1024px) 100vw, 1024px\" \/><\/figure>\n\n\n\n<p>We ended the day at the crematorium, tactically built by the Nazis to disguise its true purpose.<\/p>\n\n\n\n<figure class=\"wp-block-image size-large\"><img loading=\"lazy\" decoding=\"async\" width=\"1024\" height=\"768\" src=\"https:\/\/content.principia.edu\/sites\/prague2023\/files\/2023\/10\/IMG_5382-1024x768.jpeg\" alt=\"\" class=\"wp-image-1064\" srcset=\"https:\/\/content.principia.edu\/sites\/prague2023\/files\/2023\/10\/IMG_5382-1024x768.jpeg 1024w, https:\/\/content.principia.edu\/sites\/prague2023\/files\/2023\/10\/IMG_5382-300x225.jpeg 300w, https:\/\/content.principia.edu\/sites\/prague2023\/files\/2023\/10\/IMG_5382-768x576.jpeg 768w, https:\/\/content.principia.edu\/sites\/prague2023\/files\/2023\/10\/IMG_5382-1536x1152.jpeg 1536w, https:\/\/content.principia.edu\/sites\/prague2023\/files\/2023\/10\/IMG_5382-2048x1536.jpeg 2048w\" sizes=\"auto, (max-width: 1024px) 100vw, 1024px\" \/><\/figure>\n\n\n\n<figure class=\"wp-block-image size-large\"><img loading=\"lazy\" decoding=\"async\" width=\"1024\" height=\"768\" src=\"https:\/\/content.principia.edu\/sites\/prague2023\/files\/2023\/10\/IMG_5385-1024x768.jpeg\" alt=\"\" class=\"wp-image-1065\" srcset=\"https:\/\/content.principia.edu\/sites\/prague2023\/files\/2023\/10\/IMG_5385-1024x768.jpeg 1024w, https:\/\/content.principia.edu\/sites\/prague2023\/files\/2023\/10\/IMG_5385-300x225.jpeg 300w, https:\/\/content.principia.edu\/sites\/prague2023\/files\/2023\/10\/IMG_5385-768x576.jpeg 768w, https:\/\/content.principia.edu\/sites\/prague2023\/files\/2023\/10\/IMG_5385-1536x1152.jpeg 1536w, https:\/\/content.principia.edu\/sites\/prague2023\/files\/2023\/10\/IMG_5385-2048x1536.jpeg 2048w\" sizes=\"auto, (max-width: 1024px) 100vw, 1024px\" \/><\/figure>\n\n\n\n<p><\/p>\n","protected":false},"excerpt":{"rendered":"<p>On Tuesday, we traveled to the fortress city of Terez\u00edn. Built in the late 18th Century to protect Bohemia from Prussian forces arriving from the north, the fortress functioned for many years as a garrison town and prison for military and political convicts. The river&nbsp;Oh\u0159e divides the city into&nbsp;the Small&nbsp;Fortress (right) and the Main Fortress [&hellip;]<\/p>\n","protected":false},"author":46,"featured_media":1039,"comment_status":"open","ping_status":"open","sticky":false,"template":"","format":"standard","meta":{"_monsterinsights_skip_tracking":false,"_monsterinsights_sitenote_active":false,"_monsterinsights_sitenote_note":"","_monsterinsights_sitenote_category":0,"ngg_post_thumbnail":0,"footnotes":""},"categories":[1],"tags":[],"class_list":["post-1006","post","type-post","status-publish","format-standard","has-post-thumbnail","hentry","category-uncategorized"],"_links":{"self":[{"href":"https:\/\/content.principia.edu\/sites\/prague2023\/wp-json\/wp\/v2\/posts\/1006","targetHints":{"allow":["GET"]}}],"collection":[{"href":"https:\/\/content.principia.edu\/sites\/prague2023\/wp-json\/wp\/v2\/posts"}],"about":[{"href":"https:\/\/content.principia.edu\/sites\/prague2023\/wp-json\/wp\/v2\/types\/post"}],"author":[{"embeddable":true,"href":"https:\/\/content.principia.edu\/sites\/prague2023\/wp-json\/wp\/v2\/users\/46"}],"replies":[{"embeddable":true,"href":"https:\/\/content.principia.edu\/sites\/prague2023\/wp-json\/wp\/v2\/comments?post=1006"}],"version-history":[{"count":13,"href":"https:\/\/content.principia.edu\/sites\/prague2023\/wp-json\/wp\/v2\/posts\/1006\/revisions"}],"predecessor-version":[{"id":1078,"href":"https:\/\/content.principia.edu\/sites\/prague2023\/wp-json\/wp\/v2\/posts\/1006\/revisions\/1078"}],"wp:featuredmedia":[{"embeddable":true,"href":"https:\/\/content.principia.edu\/sites\/prague2023\/wp-json\/wp\/v2\/media\/1039"}],"wp:attachment":[{"href":"https:\/\/content.principia.edu\/sites\/prague2023\/wp-json\/wp\/v2\/media?parent=1006"}],"wp:term":[{"taxonomy":"category","embeddable":true,"href":"https:\/\/content.principia.edu\/sites\/prague2023\/wp-json\/wp\/v2\/categories?post=1006"},{"taxonomy":"post_tag","embeddable":true,"href":"https:\/\/content.principia.edu\/sites\/prague2023\/wp-json\/wp\/v2\/tags?post=1006"}],"curies":[{"name":"wp","href":"https:\/\/api.w.org\/{rel}","templated":true}]}}